{"id":40610,"date":"2024-08-21T11:13:42","date_gmt":"2024-08-21T11:13:42","guid":{"rendered":"https:\/\/dekkbi.com\/?p=40610"},"modified":"2024-08-21T11:13:43","modified_gmt":"2024-08-21T11:13:43","slug":"pour-un-developpement-inclusif-et-durable-ousmane-sonko-appelle-les-citoyens-a-sapproprier-le-projet","status":"publish","type":"post","link":"https:\/\/dekkbi.com\/?p=40610","title":{"rendered":"Pour un d\u00e9veloppement inclusif et durable : Ousmane Sonko appelle les citoyens \u00e0 s\u2019approprier le \u00ab projet \u00bb"},"content":{"rendered":"\n<h3 class=\"wp-block-heading\">Ousmane Sonko, leader de Pastef et Premier ministre, a, lors d\u2019une rencontre avec les artistes, mardi, appel\u00e9 les citoyens \u00e0 s\u2019approprier le \u00ab PROJET \u00bb, vision politique du r\u00e9gime actuel. Il a soulign\u00e9 que la r\u00e9ussite de ce programme national d\u00e9pend du degr\u00e9 d\u2019adh\u00e9sion populaire.<\/h3>\n\n\n\n<p>Selon lui, il est crucial que chaque citoyen comprenne la direction que prend l\u2019\u00c9tat dans les ann\u00e9es \u00e0 venir pour pouvoir contribuer efficacement \u00e0 la r\u00e9alisation des objectifs fix\u00e9s. \u00ab Celui qui ne sait pas o\u00f9 tu vas ne peut pas t\u2019accompagner. Donc, la r\u00e9ussite du \u00ab PROJET \u00bb d\u00e9pendra du niveau d\u2019appropriation populaire \u00bb, a d\u00e9clar\u00e9 Ousmane Sonko. Il a insist\u00e9 sur l\u2019importance de faire du \u00ab PROJET \u00bb une vision partag\u00e9e par tous, au-del\u00e0 des individus ou des groupes particuliers.<\/p>\n\n\n\n<p>Pour renforcer cette appropriation, le Premier ministre a annonc\u00e9 l\u2019organisation prochaine d\u2019ateliers de formation et d\u2019information \u00e0 travers le pays. Ces sessions auront pour but de recueillir les avis des citoyens afin de garantir une compr\u00e9hension commune du \u00ab PROJET \u00bb et de s\u2019assurer que chacun puisse contribuer \u00e0 son succ\u00e8s. \u00ab Il est fondamental que les citoyens aient une compr\u00e9hension claire des attentes et des objectifs de cette vision \u00bb, a-t-il ajout\u00e9.<\/p>\n\n\n\n<p>\u00c9voquant la pertinence du \u00ab PROJET \u00bb en tant que r\u00e9f\u00e9rentiel politique du r\u00e9gime actuel, Ousmane Sonko s\u2019est r\u00e9joui des r\u00e9sultats obtenus en seulement quatre mois, comparant cette r\u00e9ussite au Plan S\u00e9n\u00e9gal \u00c9mergent (PSE) de l\u2019ancien gouvernement. Il a promis de pr\u00e9senter prochainement les r\u00e9sultats de sa vision, articul\u00e9s autour de trois grands axes.<\/p>\n\n\n\n<p>Ousmane Sonko a \u00e9galement salu\u00e9 l\u2019engagement des artistes dans la d\u00e9fense des causes communes, soulignant leur r\u00f4le important dans la sensibilisation et la mobilisation des masses. Il a invit\u00e9 chaque citoyen \u00e0 faire du d\u00e9veloppement du pays une priorit\u00e9 personnelle, appelant au culte du travail et du civisme.<\/p>\n\n\n\n<p>D\u2019apr\u00e8s la Rts, Ousmane Sonko a exprim\u00e9 son profond attachement aux jeunes victimes des manifestations, affirmant : \u00ab Je ne passe pas une seule nuit sans penser \u00e0 eux. \u00bb Le leader de Pastef s\u2019est dit reconnaissant envers ces jeunes qu\u2019il consid\u00e8re comme des martyrs, soulignant l\u2019importance des sacrifices qu\u2019ils ont consentis dans la lutte pour la justice et la d\u00e9mocratie.<\/p>\n\n\n\n<p>Le leader de Pastef s\u2019est aussi dit ouvert \u00e0 un d\u00e9bat avec les acteurs politiques de tous horizons. \u00ab Nous sommes en politique et nous l\u2019assumons pleinement. Je suis pr\u00eat \u00e0 d\u00e9battre avec tout le monde, notamment sur les politiques publiques, les ressources naturelles et la finance publique \u00bb, a-t-il affirm\u00e9.<\/p>\n\n\n\n<p>Ousmane Sonko a profit\u00e9 de l\u2019occasion pour r\u00e9it\u00e9rer son engagement en faveur d\u2019une gestion transparente et vertueuse de l\u2019\u00c9tat. \u00ab Tout ministre ou directeur qui accepte une somme ill\u00e9galement sera imm\u00e9diatement d\u00e9mis de ses fonctions \u00bb, a-t-il averti.<\/p>\n\n\n\n<p>Ousmane Wade<\/p>\n\n\n\n<p>SOURC LERAL<\/p>\n","protected":false},"excerpt":{"rendered":"<p>Ousmane Sonko, leader de Pastef et Premier ministre, a, lors d\u2019une rencontre avec les artistes, mardi, appel\u00e9 les citoyens \u00e0<\/p>\n","protected":false},"author":1,"featured_media":40611,"comment_status":"open","ping_status":"open","sticky":false,"template":"","format":"standard","meta":{"footnotes":""},"categories":[6],"tags":[],"class_list":["post-40610","post","type-post","status-publish","format-standard","has-post-thumbnail","hentry","category-politics"],"_links":{"self":[{"href":"https:\/\/dekkbi.com\/index.php?rest_route=\/wp\/v2\/posts\/40610","targetHints":{"allow":["GET"]}}],"collection":[{"href":"https:\/\/dekkbi.com\/index.php?rest_route=\/wp\/v2\/posts"}],"about":[{"href":"https:\/\/dekkbi.com\/index.php?rest_route=\/wp\/v2\/types\/post"}],"author":[{"embeddable":true,"href":"https:\/\/dekkbi.com\/index.php?rest_route=\/wp\/v2\/users\/1"}],"replies":[{"embeddable":true,"href":"https:\/\/dekkbi.com\/index.php?rest_route=%2Fwp%2Fv2%2Fcomments&post=40610"}],"version-history":[{"count":1,"href":"https:\/\/dekkbi.com\/index.php?rest_route=\/wp\/v2\/posts\/40610\/revisions"}],"predecessor-version":[{"id":40612,"href":"https:\/\/dekkbi.com\/index.php?rest_route=\/wp\/v2\/posts\/40610\/revisions\/40612"}],"wp:featuredmedia":[{"embeddable":true,"href":"https:\/\/dekkbi.com\/index.php?rest_route=\/wp\/v2\/media\/40611"}],"wp:attachment":[{"href":"https:\/\/dekkbi.com\/index.php?rest_route=%2Fwp%2Fv2%2Fmedia&parent=40610"}],"wp:term":[{"taxonomy":"category","embeddable":true,"href":"https:\/\/dekkbi.com\/index.php?rest_route=%2Fwp%2Fv2%2Fcategories&post=40610"},{"taxonomy":"post_tag","embeddable":true,"href":"https:\/\/dekkbi.com\/index.php?rest_route=%2Fwp%2Fv2%2Ftags&post=40610"}],"curies":[{"name":"wp","href":"https:\/\/api.w.org\/{rel}","templated":true}]}}