{"id":40584,"date":"2024-08-21T10:12:39","date_gmt":"2024-08-21T10:12:39","guid":{"rendered":"https:\/\/dekkbi.com\/?p=40584"},"modified":"2024-08-21T10:12:40","modified_gmt":"2024-08-21T10:12:40","slug":"a-touba-amadou-mame-diop-rappelle-les-engagements-de-lassemblee-nationale-pour-un-senegal-de-paix","status":"publish","type":"post","link":"https:\/\/dekkbi.com\/?p=40584","title":{"rendered":"A Touba, Amadou Mame Diop rappelle les engagements de l\u2019Assembl\u00e9e nationale pour un S\u00e9n\u00e9gal de paix"},"content":{"rendered":"\n<p>Touba,  (APS) \u2013 Le pr\u00e9sident de l\u2019Assembl\u00e9e nationale, Amadou Mame Diop, a rappel\u00e9, mardi \u00e0 Touba, les engagements de l\u2019institution parlementaire qu\u2019il dirige pour le maintien de la paix et de la concorde nationale.<\/p>\n\n\n\n<p>\u2018\u2019Nous avons aussi profit\u00e9 de l\u2019occasion pour solliciter des pri\u00e8res pour un S\u00e9n\u00e9gal de paix et de prosp\u00e9rit\u00e9. Nous avons rappel\u00e9 les engagements de l\u2019Assembl\u00e9e nationale pour un S\u00e9n\u00e9gal de paix (\u2026) notre mission qui est de maintenir la paix et la concorde nationale\u2019\u2019, a-t-il d\u00e9clar\u00e9.<\/p>\n\n\n\n<p>M. Diop s\u2019entretenait mardi en d\u00e9but de soir\u00e9e avec des journalistes en marge d\u2019une visite de courtoisie chez le Khalife g\u00e9n\u00e9ral des mourides, en pr\u00e9lude de la c\u00e9l\u00e9bration de la 130e \u00e9dition du Grand Magal de Touba.<\/p>\n\n\n\n<p>Cette visite \u00e9tait \u00e9galement une occasion pour le pr\u00e9sident de l\u2019Assembl\u00e9e nationale, accompagn\u00e9 d\u2019une forte d\u00e9l\u00e9gation, de transmettre ses salutations au patriarche de Darou Minane.<\/p>\n\n\n\n<p>\u2018\u2019Je suis venu \u00e0 Touba, accompagn\u00e9 par l\u2019ensemble de mes coll\u00e8gues, membres de bureau et de pr\u00e9sidents de commission, transmettre mes salutations chaleureuses et respectueuses au Khalife g\u00e9n\u00e9ral des mourides et \u00e0 l\u2019ensemble de la famille de Mame Serigne Touba Khadimou Rassoul\u2019\u2019, a-t-il fait savoir.<\/p>\n\n\n\n<p>Le pr\u00e9sident Amadou Mame Diop a d\u00e9clar\u00e9 avoir sollicit\u00e9 les pri\u00e8res du Khalife g\u00e9n\u00e9ral des mourides pour \u2018\u2019un S\u00e9n\u00e9gal de paix et de prosp\u00e9rit\u00e9\u2019\u2019.<\/p>\n\n\n\n<p>Amadou Mame Diop a \u00e9t\u00e9 \u00e9galement re\u00e7u par le porte-parole du Khalife g\u00e9n\u00e9ral des mourides, Serigne Bassirou Abdou Khadre Mback\u00e9.<\/p>\n\n\n\n<p>Le Magal de Touba est un grand \u00e9v\u00e9nement religieux comm\u00e9morant le d\u00e9part en exil au Gabon de Cheikh Ahmadou Bamba (1853-1927). La 130e \u00e9dition sera c\u00e9l\u00e9br\u00e9e le vendredi 23 ao\u00fbt, co\u00efncidant avec le 18e jour du mois lunaire, Safar&nbsp;1446h.<\/p>\n","protected":false},"excerpt":{"rendered":"<p>Touba, (APS) \u2013 Le pr\u00e9sident de l\u2019Assembl\u00e9e nationale, Amadou Mame Diop, a rappel\u00e9, mardi \u00e0 Touba, les engagements de l\u2019institution<\/p>\n","protected":false},"author":1,"featured_media":40585,"comment_status":"open","ping_status":"open","sticky":false,"template":"","format":"standard","meta":{"footnotes":""},"categories":[6],"tags":[],"class_list":["post-40584","post","type-post","status-publish","format-standard","has-post-thumbnail","hentry","category-politics"],"_links":{"self":[{"href":"https:\/\/dekkbi.com\/index.php?rest_route=\/wp\/v2\/posts\/40584","targetHints":{"allow":["GET"]}}],"collection":[{"href":"https:\/\/dekkbi.com\/index.php?rest_route=\/wp\/v2\/posts"}],"about":[{"href":"https:\/\/dekkbi.com\/index.php?rest_route=\/wp\/v2\/types\/post"}],"author":[{"embeddable":true,"href":"https:\/\/dekkbi.com\/index.php?rest_route=\/wp\/v2\/users\/1"}],"replies":[{"embeddable":true,"href":"https:\/\/dekkbi.com\/index.php?rest_route=%2Fwp%2Fv2%2Fcomments&post=40584"}],"version-history":[{"count":1,"href":"https:\/\/dekkbi.com\/index.php?rest_route=\/wp\/v2\/posts\/40584\/revisions"}],"predecessor-version":[{"id":40586,"href":"https:\/\/dekkbi.com\/index.php?rest_route=\/wp\/v2\/posts\/40584\/revisions\/40586"}],"wp:featuredmedia":[{"embeddable":true,"href":"https:\/\/dekkbi.com\/index.php?rest_route=\/wp\/v2\/media\/40585"}],"wp:attachment":[{"href":"https:\/\/dekkbi.com\/index.php?rest_route=%2Fwp%2Fv2%2Fmedia&parent=40584"}],"wp:term":[{"taxonomy":"category","embeddable":true,"href":"https:\/\/dekkbi.com\/index.php?rest_route=%2Fwp%2Fv2%2Fcategories&post=40584"},{"taxonomy":"post_tag","embeddable":true,"href":"https:\/\/dekkbi.com\/index.php?rest_route=%2Fwp%2Fv2%2Ftags&post=40584"}],"curies":[{"name":"wp","href":"https:\/\/api.w.org\/{rel}","templated":true}]}}