{"id":4058,"date":"2022-11-29T12:34:22","date_gmt":"2022-11-29T12:34:22","guid":{"rendered":"https:\/\/dekkbi.com\/?p=4058"},"modified":"2022-11-29T12:34:24","modified_gmt":"2022-11-29T12:34:24","slug":"situation-politique-du-senegal-mimi-exprime-sa-preoccupation","status":"publish","type":"post","link":"https:\/\/dekkbi.com\/?p=4058","title":{"rendered":"Situation politique du S\u00e9n\u00e9gal : Mimi exprime sa pr\u00e9occupation"},"content":{"rendered":"\n<p>La d\u00e9put\u00e9e non inscrite, Aminata Tour\u00e9, a \u00e9t\u00e9 re\u00e7ue hier, lundi 28 novembre par le Khalife g\u00e9n\u00e9ral des mourides dans la cit\u00e9 religieuse de Touba. S\u2019adressant \u00e0 la presse \u00e0 l\u2019issue de sa rencontre avec le guide religieux, l\u2019ancienne Premi\u00e8re ministre a fait part de sa pr\u00e9occupation de la situation actuelle qui pr\u00e9vaut au S\u00e9n\u00e9gal. Ainsi, poursuivant son propos, l\u2019ex-t\u00eate de liste de la coalition au pouvoir Benno Bokk Yakaar lors des derni\u00e8res l\u00e9gislatives du 31 juillet a plaid\u00e9 l\u2019implication des religieux pour ramener le calme et la paix sociale dans le pays.<\/p>\n\n\n\n<p>\u00ab La stabilit\u00e9 pour laquelle, le S\u00e9n\u00e9gal est connu dans le monde entier, doit \u00eatre pr\u00e9serv\u00e9e. Et, cela est tr\u00e8s important \u00e0 mon avis. Et bien \u00e9videmment, nos chefs religieux jouent un r\u00f4le important dans ce domaine-l\u00e0. C\u2019est la paix et la s\u00e9curit\u00e9 de ce pays qui nous incombe. Et, il faut qu\u2019elles soient pr\u00e9serv\u00e9es \u00e0 tout prix. \u00bb, a plaid\u00e9 Aminata Tour\u00e9 qui pr\u00e9cise au sujet de sa visite \u00e0 Touba \u00eatre venue \u00ab&nbsp;\u00e9changer avec le Saint homme sur la situation nationale et recueillir ses recommandations et surtout ses pri\u00e8res. C\u2019\u00e9tait cela le sens de notre visite\u00bb.<\/p>\n\n\n\n<p><strong>NANDO CABRAL GOMIS<\/strong><\/p>\n\n\n\n<p>SUDONLINE<\/p>\n","protected":false},"excerpt":{"rendered":"<p>La d\u00e9put\u00e9e non inscrite, Aminata Tour\u00e9, a \u00e9t\u00e9 re\u00e7ue hier, lundi 28 novembre par le Khalife g\u00e9n\u00e9ral des mourides dans<\/p>\n","protected":false},"author":1,"featured_media":3494,"comment_status":"open","ping_status":"open","sticky":false,"template":"","format":"standard","meta":{"footnotes":""},"categories":[6],"tags":[],"class_list":["post-4058","post","type-post","status-publish","format-standard","has-post-thumbnail","hentry","category-politics"],"_links":{"self":[{"href":"https:\/\/dekkbi.com\/index.php?rest_route=\/wp\/v2\/posts\/4058","targetHints":{"allow":["GET"]}}],"collection":[{"href":"https:\/\/dekkbi.com\/index.php?rest_route=\/wp\/v2\/posts"}],"about":[{"href":"https:\/\/dekkbi.com\/index.php?rest_route=\/wp\/v2\/types\/post"}],"author":[{"embeddable":true,"href":"https:\/\/dekkbi.com\/index.php?rest_route=\/wp\/v2\/users\/1"}],"replies":[{"embeddable":true,"href":"https:\/\/dekkbi.com\/index.php?rest_route=%2Fwp%2Fv2%2Fcomments&post=4058"}],"version-history":[{"count":1,"href":"https:\/\/dekkbi.com\/index.php?rest_route=\/wp\/v2\/posts\/4058\/revisions"}],"predecessor-version":[{"id":4059,"href":"https:\/\/dekkbi.com\/index.php?rest_route=\/wp\/v2\/posts\/4058\/revisions\/4059"}],"wp:featuredmedia":[{"embeddable":true,"href":"https:\/\/dekkbi.com\/index.php?rest_route=\/wp\/v2\/media\/3494"}],"wp:attachment":[{"href":"https:\/\/dekkbi.com\/index.php?rest_route=%2Fwp%2Fv2%2Fmedia&parent=4058"}],"wp:term":[{"taxonomy":"category","embeddable":true,"href":"https:\/\/dekkbi.com\/index.php?rest_route=%2Fwp%2Fv2%2Fcategories&post=4058"},{"taxonomy":"post_tag","embeddable":true,"href":"https:\/\/dekkbi.com\/index.php?rest_route=%2Fwp%2Fv2%2Ftags&post=4058"}],"curies":[{"name":"wp","href":"https:\/\/api.w.org\/{rel}","templated":true}]}}