{"id":40489,"date":"2024-08-19T16:17:18","date_gmt":"2024-08-19T16:17:18","guid":{"rendered":"https:\/\/dekkbi.com\/?p=40489"},"modified":"2024-08-19T16:17:18","modified_gmt":"2024-08-19T16:17:18","slug":"craintes-de-famine-en-coree-du-nord-la-situation-agricole-alarme-la-fao","status":"publish","type":"post","link":"https:\/\/dekkbi.com\/?p=40489","title":{"rendered":"Craintes de famine en Cor\u00e9e du Nord: la situation agricole alarme la FAO"},"content":{"rendered":"\n<p>La Cor\u00e9e du Nord fait face \u00e0 une situation alimentaire pr\u00e9occupante, marqu\u00e9e par une souverainet\u00e9 alimentaire limit\u00e9e et des conditions m\u00e9t\u00e9orologiques d\u00e9favorables. C&rsquo;est l&rsquo;Organisation des Nations unies pour l&rsquo;alimentation et l&rsquo;agriculture (FAO) qui tire la sonnette d&rsquo;alarme. Des pr\u00e9cipitations intenses et les temp\u00e9ratures anormalement \u00e9lev\u00e9es de cet \u00e9t\u00e9 pourraient gravement compromettre les r\u00e9coltes du pays.<\/p>\n\n\n\n<p><strong>Kim Jong-un<\/strong>, le leader nord-cor\u00e9en, a lui-m\u00eame reconnu en juin dernier que son pays traversait une \u00ab\u00a0<em>situation alimentaire tendue<\/em>\u00a0\u00bb. Cette d\u00e9claration concorde avec les observations de la FAO qui, dans son dernier rapport, avertit que les\u00a0<strong>inondations de juillet<\/strong>\u00a0ont atteint des niveaux record dans les principales r\u00e9gions agricoles du pays, souvent surnomm\u00e9es le \u00ab\u00a0<em>grenier \u00e0 grain\u00a0<\/em>\u00bb de la Cor\u00e9e du Nord.<\/p>\n\n\n\n<p>Cependant, le pire pourrait \u00eatre \u00e0 venir. Des pluies torrentielles et des temp\u00e9ratures \u00e9lev\u00e9es sont encore attendues dans les semaines \u00e0 venir, mena\u00e7ant de causer des d\u00e9g\u00e2ts suppl\u00e9mentaires aux cultures. Ces conditions m\u00e9t\u00e9orologiques surviennent \u00e0 un moment critique, alors que\u00a0<strong>les r\u00e9coltes de riz<\/strong>, ainsi que celles de pommes de terre, de millet et de sorgho, doivent d\u00e9buter fin ao\u00fbt.<\/p>\n\n\n\n<h2 class=\"wp-block-heading\">Une p\u00e9riode particuli\u00e8rement difficile \u00e0 pr\u00e9voir<\/h2>\n\n\n\n<p>Selon les pr\u00e9visions de la FAO, la Cor\u00e9e du Nord devrait produire environ 5,6 millions de tonnes de c\u00e9r\u00e9ales cette ann\u00e9e, un chiffre bien en de\u00e7\u00e0 des 7 millions de tonnes n\u00e9cessaires pour nourrir l&rsquo;ensemble de sa population. Les importations pr\u00e9vues ne suffiront probablement pas \u00e0 combler ce d\u00e9ficit, laissant pr\u00e9sager une p\u00e9riode particuli\u00e8rement difficile entre ao\u00fbt et octobre.<\/p>\n\n\n\n<p>La FAO exprime \u00e9galement des inqui\u00e9tudes quant \u00e0 la capacit\u00e9 du pays \u00e0 recevoir une aide internationale, essentielle pour pallier cette\u00a0<strong>crise alimentaire<\/strong>. Toutefois, la r\u00e9ticence habituelle de Pyongyang \u00e0 accepter de l&rsquo;assistance ext\u00e9rieure pourrait aggraver la situation.<\/p>\n\n\n\n<p>SOURCE RFI<\/p>\n","protected":false},"excerpt":{"rendered":"<p>La Cor\u00e9e du Nord fait face \u00e0 une situation alimentaire pr\u00e9occupante, marqu\u00e9e par une souverainet\u00e9 alimentaire limit\u00e9e et des conditions<\/p>\n","protected":false},"author":1,"featured_media":40490,"comment_status":"open","ping_status":"open","sticky":false,"template":"","format":"standard","meta":{"footnotes":""},"categories":[3],"tags":[],"class_list":["post-40489","post","type-post","status-publish","format-standard","has-post-thumbnail","hentry","category-event-more-news"],"_links":{"self":[{"href":"https:\/\/dekkbi.com\/index.php?rest_route=\/wp\/v2\/posts\/40489","targetHints":{"allow":["GET"]}}],"collection":[{"href":"https:\/\/dekkbi.com\/index.php?rest_route=\/wp\/v2\/posts"}],"about":[{"href":"https:\/\/dekkbi.com\/index.php?rest_route=\/wp\/v2\/types\/post"}],"author":[{"embeddable":true,"href":"https:\/\/dekkbi.com\/index.php?rest_route=\/wp\/v2\/users\/1"}],"replies":[{"embeddable":true,"href":"https:\/\/dekkbi.com\/index.php?rest_route=%2Fwp%2Fv2%2Fcomments&post=40489"}],"version-history":[{"count":1,"href":"https:\/\/dekkbi.com\/index.php?rest_route=\/wp\/v2\/posts\/40489\/revisions"}],"predecessor-version":[{"id":40491,"href":"https:\/\/dekkbi.com\/index.php?rest_route=\/wp\/v2\/posts\/40489\/revisions\/40491"}],"wp:featuredmedia":[{"embeddable":true,"href":"https:\/\/dekkbi.com\/index.php?rest_route=\/wp\/v2\/media\/40490"}],"wp:attachment":[{"href":"https:\/\/dekkbi.com\/index.php?rest_route=%2Fwp%2Fv2%2Fmedia&parent=40489"}],"wp:term":[{"taxonomy":"category","embeddable":true,"href":"https:\/\/dekkbi.com\/index.php?rest_route=%2Fwp%2Fv2%2Fcategories&post=40489"},{"taxonomy":"post_tag","embeddable":true,"href":"https:\/\/dekkbi.com\/index.php?rest_route=%2Fwp%2Fv2%2Ftags&post=40489"}],"curies":[{"name":"wp","href":"https:\/\/api.w.org\/{rel}","templated":true}]}}