{"id":40478,"date":"2024-08-19T16:07:42","date_gmt":"2024-08-19T16:07:42","guid":{"rendered":"https:\/\/dekkbi.com\/?p=40478"},"modified":"2024-08-19T16:07:42","modified_gmt":"2024-08-19T16:07:42","slug":"tas-charge-ils-se-sont-confortablement-assis-dans-lancien-systeme","status":"publish","type":"post","link":"https:\/\/dekkbi.com\/?p=40478","title":{"rendered":"TAS charge : \u00abIls se sont confortablement assis dans l\u2019ancien syst\u00e8me\u00bb"},"content":{"rendered":"\n<p>Les nouveaux gouvernants avaient promis de d\u00e9boulonner le \u00abSyst\u00e8me\u00bb. Aujourd\u2019hui, quatre mois apr\u00e8s leur accession au pouvoir, le constat de&nbsp;Thierno Alassane Sall est tout autre. L\u2019invit\u00e9 du jour du \u00ab\u00a0Grand jury\u00a0\u00bb estime, que Sonko et Diomaye se sont plut\u00f4t confortablement install\u00e9s dans le syst\u00e8me qu&rsquo;ils comptaient combattre.<\/p>\n\n\n\n<p>\u00abJe pense que pour l\u2019instant, la nouvelle \u00e9quipe s\u2019est confortablement assise &nbsp;dans l\u2019ancien syst\u00e8me, en a pris tous les oripeaux et est entrain de d\u00e9rouler. On ne sent pas de changements. M\u00eame psychologique significatif.<br><br>Le pr\u00e9sident de la R\u00e9publique vient &nbsp;de changer l\u2019ensemble de l\u2019administration du pays avec des nominations principalement dans des postes cl\u00e9s en faisant fi des promesses qu\u2019ils avaient faites. Des promesses qui remettaient en cause cette forme de nomination en faisant des appels \u00e0 candidature.<br><br>Il a fait fi de tout cela et a nomm\u00e9 des gens dans des conditions qui lui plaisent, sans tenir compte parfois, de crit\u00e8res objectifs visibles, compr\u00e9hensibles, jusqu\u2019\u00e0 des nominations qui ont choqu\u00e9 l\u2019opinion. Si Macky Sall avait proc\u00e9d\u00e9 \u00e0 de tels genres de nominations, \u00e7a aurait soulev\u00e9 des scandales.\u00bb<\/p>\n","protected":false},"excerpt":{"rendered":"<p>Les nouveaux gouvernants avaient promis de d\u00e9boulonner le \u00abSyst\u00e8me\u00bb. Aujourd\u2019hui, quatre mois apr\u00e8s leur accession au pouvoir, le constat de&nbsp;Thierno<\/p>\n","protected":false},"author":1,"featured_media":40479,"comment_status":"open","ping_status":"open","sticky":false,"template":"","format":"standard","meta":{"footnotes":""},"categories":[6],"tags":[],"class_list":["post-40478","post","type-post","status-publish","format-standard","has-post-thumbnail","hentry","category-politics"],"_links":{"self":[{"href":"https:\/\/dekkbi.com\/index.php?rest_route=\/wp\/v2\/posts\/40478","targetHints":{"allow":["GET"]}}],"collection":[{"href":"https:\/\/dekkbi.com\/index.php?rest_route=\/wp\/v2\/posts"}],"about":[{"href":"https:\/\/dekkbi.com\/index.php?rest_route=\/wp\/v2\/types\/post"}],"author":[{"embeddable":true,"href":"https:\/\/dekkbi.com\/index.php?rest_route=\/wp\/v2\/users\/1"}],"replies":[{"embeddable":true,"href":"https:\/\/dekkbi.com\/index.php?rest_route=%2Fwp%2Fv2%2Fcomments&post=40478"}],"version-history":[{"count":1,"href":"https:\/\/dekkbi.com\/index.php?rest_route=\/wp\/v2\/posts\/40478\/revisions"}],"predecessor-version":[{"id":40480,"href":"https:\/\/dekkbi.com\/index.php?rest_route=\/wp\/v2\/posts\/40478\/revisions\/40480"}],"wp:featuredmedia":[{"embeddable":true,"href":"https:\/\/dekkbi.com\/index.php?rest_route=\/wp\/v2\/media\/40479"}],"wp:attachment":[{"href":"https:\/\/dekkbi.com\/index.php?rest_route=%2Fwp%2Fv2%2Fmedia&parent=40478"}],"wp:term":[{"taxonomy":"category","embeddable":true,"href":"https:\/\/dekkbi.com\/index.php?rest_route=%2Fwp%2Fv2%2Fcategories&post=40478"},{"taxonomy":"post_tag","embeddable":true,"href":"https:\/\/dekkbi.com\/index.php?rest_route=%2Fwp%2Fv2%2Ftags&post=40478"}],"curies":[{"name":"wp","href":"https:\/\/api.w.org\/{rel}","templated":true}]}}