{"id":40464,"date":"2024-08-19T15:55:11","date_gmt":"2024-08-19T15:55:11","guid":{"rendered":"https:\/\/dekkbi.com\/?p=40464"},"modified":"2024-08-19T15:55:12","modified_gmt":"2024-08-19T15:55:12","slug":"habib-diarra-ouvre-son-compteur-but-et-sillustre-dentree-en-ligue-1","status":"publish","type":"post","link":"https:\/\/dekkbi.com\/?p=40464","title":{"rendered":"Habib Diarra ouvre son compteur but et s\u2019illustre d\u2019entr\u00e9e en Ligue 1"},"content":{"rendered":"\n<p>Dakar, (APS) \u2013 L\u2019international s\u00e9n\u00e9galais\u00a0de Strasbourg Habib Diarra a ouvert son compteur but, dimanche, lors de la premi\u00e8re journ\u00e9e du championnat fran\u00e7ais de Ligue 1, avant de sortir sur blessure.<\/p>\n\n\n\n<p>La France, l\u2019Angleterre, l\u2019Espagne et l\u2019Italie ont d\u00e9marr\u00e9 ce week-end leurs championnats nationaux de football 2024-2025. L\u2019Allemagne entame sa saison le week-end prochain. Plusieurs footballeurs s\u00e9n\u00e9galais \u00e9voluent dans ces cinq grands championnats europ\u00e9ens.<\/p>\n\n\n\n<p>Habib Diarra, form\u00e9 \u00e0 l\u2019acad\u00e9mie de Strasbourg (France) depuis 2018, est d\u00e9sign\u00e9, \u00e0 20 ans, capitaine de l\u2019\u00e9quipe, cette saison. Le Mulhousien a ouvert le score, \u00e0 la 58<sup>e<\/sup>&nbsp;mn, lors du match nul (1-1), contre Montpellier, dimanche.<\/p>\n\n\n\n<p>Le milieu de terrain est sorti sur blessure \u00e0 la 80<sup>e<\/sup>&nbsp;mn. Diarra a d\u00e9marr\u00e9 le match avec l\u2019autre s\u00e9n\u00e9galais de l\u2019\u00e9quipe&nbsp;; Daouda Diongue. Le milieu de terrain de 18 ans a \u00e9t\u00e9 remplac\u00e9 en d\u00e9but de seconde p\u00e9riode (46<sup>e<\/sup>).<\/p>\n\n\n\n<p>A Monaco, Lamine Camara qui a rejoint le club mon\u00e9gasque, le 30 juillet dernier, a \u00e9t\u00e9 titularis\u00e9 lors de la victoire (1-0) contre Saint-Etienne. Il a jou\u00e9 l\u2019int\u00e9gralit\u00e9 du match avec son co\u00e9quipier en \u00e9quipe nationale, Ismail Jakobs. L\u2019autre s\u00e9n\u00e9galais de l\u2019\u00e9quipe Kr\u00e9pin Diatta est absent pour blessure.<\/p>\n\n\n\n<p>Moussa Niakhat\u00e9, arriv\u00e9 fin juin \u00e0 l\u2019olympique lyonnais, a jou\u00e9 comme titulaire lors de la d\u00e9faite (0-3) de son \u00e9quipe contre Rennes. Il a jou\u00e9 la totalit\u00e9 du match. Auteur d\u2019une prestation en-de\u00e7\u00e0 de son potentiel, Niakhat\u00e9 est \u00e0 l\u2019origine d\u2019erreurs d\u00e9fensives qui ont co\u00fbt\u00e9 deux buts \u00e0 son \u00e9quipe.<\/p>\n\n\n\n<p>En Ligue 2, les joueurs s\u00e9n\u00e9galais ont fait une belle entame de saison.<\/p>\n\n\n\n<p>A Clermont, Henri Saivet a marqu\u00e9 \u00e0 la 60<sup>e<\/sup>&nbsp;mn, lors du match nul (2-2) contre son ancien club, Pau FC. Le milieu de terrain s\u00e9n\u00e9galais a rejoint cette saison Clermont o\u00f9 \u00e9volue son compatriote, Massamba Ndiaye, gardien de but titulaire.<\/p>\n\n\n\n<p>A Grenoble, Pape Meissa Ba s\u2019est aussi illustr\u00e9 en inscrivant le 2<sup>e<\/sup>&nbsp;but de son \u00e9quipe, lors de la victoire, 2-1, contre Laval.<\/p>\n\n\n\n<p><strong>Premier League anglaise<\/strong><\/p>\n\n\n\n<p>Recrut\u00e9 le 30 juillet par Crystal Palace, Ismaila Sarr a jou\u00e9 ses premi\u00e8res minutes avec son nouveau club. L\u2019ancien joueur de l\u2019Olympique de Marseille (France) est entr\u00e9 \u00e0 la 84<sup>e<\/sup>&nbsp;mn. Son \u00e9quipe a perdu, 1-2, contre Brentford.<\/p>\n\n\n\n<p>Ses compatriotes de Everton, Idrissa Gana Gueye et Iliman Ndiaye, ont connu le m\u00eame sort. Les Toffees se sont lourdement inclin\u00e9s, 0-3, contre Brighton. Ndiaye, recrut\u00e9 d\u00e9but juillet, est entr\u00e9 \u00e0 la 63<sup>e<\/sup>&nbsp;mn pour son premier match.<\/p>\n\n\n\n<p>L\u2019attaquant s\u00e9n\u00e9galais Ibrahima Sima qui \u00e9volue \u00e0 Brighton ne figurait pas sur la lise de joueurs s\u00e9lectionn\u00e9s pour ce match de la premi\u00e8re journ\u00e9e.<\/p>\n\n\n\n<p>Tottenham de Pape Matar Sarr joue, lundi, \u00e0 19h, contre Leicester. L\u2019ancien joueur de Metz (France) devrait faire son apparition lors de cette rencontre.<\/p>\n\n\n\n<p><strong>Serie A italienne<\/strong><\/p>\n\n\n\n<p>Arriv\u00e9 officiellement ce vendredi \u00e0 la Lazio Rome, en Italie, l\u2019attaquant Boulaye Dia n\u2019a pas jou\u00e9, lors de la victoire, 3-1, de son nouveau club, dimanche.<\/p>\n\n\n\n<p><strong>LaLiga espagnole<\/strong><\/p>\n\n\n\n<p>Pape Gueye qui a rejoint Villarreal d\u00e9but juillet devrait d\u00e9buter sa saison, lundi \u00e019h30 mn, face \u00e0 l\u2019Atletico Madrid.<\/p>\n\n\n\n<p>SK<\/p>\n","protected":false},"excerpt":{"rendered":"<p>Dakar, (APS) \u2013 L\u2019international s\u00e9n\u00e9galais\u00a0de Strasbourg Habib Diarra a ouvert son compteur but, dimanche, lors de la premi\u00e8re journ\u00e9e du<\/p>\n","protected":false},"author":1,"featured_media":40465,"comment_status":"open","ping_status":"open","sticky":false,"template":"","format":"standard","meta":{"footnotes":""},"categories":[9],"tags":[],"class_list":["post-40464","post","type-post","status-publish","format-standard","has-post-thumbnail","hentry","category-sports"],"_links":{"self":[{"href":"https:\/\/dekkbi.com\/index.php?rest_route=\/wp\/v2\/posts\/40464","targetHints":{"allow":["GET"]}}],"collection":[{"href":"https:\/\/dekkbi.com\/index.php?rest_route=\/wp\/v2\/posts"}],"about":[{"href":"https:\/\/dekkbi.com\/index.php?rest_route=\/wp\/v2\/types\/post"}],"author":[{"embeddable":true,"href":"https:\/\/dekkbi.com\/index.php?rest_route=\/wp\/v2\/users\/1"}],"replies":[{"embeddable":true,"href":"https:\/\/dekkbi.com\/index.php?rest_route=%2Fwp%2Fv2%2Fcomments&post=40464"}],"version-history":[{"count":1,"href":"https:\/\/dekkbi.com\/index.php?rest_route=\/wp\/v2\/posts\/40464\/revisions"}],"predecessor-version":[{"id":40466,"href":"https:\/\/dekkbi.com\/index.php?rest_route=\/wp\/v2\/posts\/40464\/revisions\/40466"}],"wp:featuredmedia":[{"embeddable":true,"href":"https:\/\/dekkbi.com\/index.php?rest_route=\/wp\/v2\/media\/40465"}],"wp:attachment":[{"href":"https:\/\/dekkbi.com\/index.php?rest_route=%2Fwp%2Fv2%2Fmedia&parent=40464"}],"wp:term":[{"taxonomy":"category","embeddable":true,"href":"https:\/\/dekkbi.com\/index.php?rest_route=%2Fwp%2Fv2%2Fcategories&post=40464"},{"taxonomy":"post_tag","embeddable":true,"href":"https:\/\/dekkbi.com\/index.php?rest_route=%2Fwp%2Fv2%2Ftags&post=40464"}],"curies":[{"name":"wp","href":"https:\/\/api.w.org\/{rel}","templated":true}]}}