{"id":40462,"date":"2024-08-19T15:52:07","date_gmt":"2024-08-19T15:52:07","guid":{"rendered":"https:\/\/dekkbi.com\/?p=40462"},"modified":"2024-08-19T15:52:08","modified_gmt":"2024-08-19T15:52:08","slug":"transport-des-pelerins-lors-du-magal-plus-de-240-bus-de-la-societe-dakar-dem-dikk-mobilises","status":"publish","type":"post","link":"https:\/\/dekkbi.com\/?p=40462","title":{"rendered":"Transport des p\u00e8lerins lors du Magal : Plus de 240 bus de la soci\u00e9t\u00e9 Dakar Dem Dikk mobilis\u00e9s"},"content":{"rendered":"\n<p>La soci\u00e9t\u00e9 nationale de trans\u00adport public Dakar Dem Dikk compte mobiliser plus de 240 bus \u00e0 l\u2019occasion du Magal de Touba, un \u00e9v\u00e8nement religieux de grande envergure pr\u00e9vu vendredi, a appris l\u2019Aps du ministre des Infrastructures, des trans\u00adports terrestres et a\u00e9riens, Malick Ndiaye.<\/p>\n\n\n\n<p>\u00abLa soci\u00e9t\u00e9 nationale de transport Dakar Dem Dikk va mobiliser au moins 243 bus pour permettre aux p\u00e8lerins de voyager sans probl\u00e8me, mais aussi pour faire face \u00e0 la hausse \u00e9ventuelle des prix\u00bb, a dit le ministre en marge de la visite de courtoisie qu\u2019il a effectu\u00e9e vendredi \u00e0 Touba.<\/p>\n\n\n\n<p>Devant le Khalife g\u00e9n\u00e9ral des Mourides, Malick Ndiaye a aussi annonc\u00e9 que la soci\u00e9t\u00e9 Les Grands trains du S\u00e9n\u00e9gal (GTS) mettra \u00e9galement \u00e0 la disposition des voyageurs, des&nbsp;\u00abtrains qui vont quitter plusieurs localit\u00e9s du pays pour rallier Touba\u00bb.<\/p>\n\n\n\n<p>Le ministre en charge des Transports a toutefois profit\u00e9 de son audience avec le khalife pour appeler les transporteurs \u00e0 notamment \u00abrespecter les tarifs habituels, tout en fournissant un service de qualit\u00e9\u00bb.<\/p>\n\n\n\n<p>Il a indiqu\u00e9 que son d\u00e9partement \u00abtravaille sur plusieurs leviers dans une perspective de r\u00e9duire au maximum les multiples cas d\u2019accidents\u00bb constat\u00e9s sur les routes ces derniers temps.<\/p>\n\n\n\n<p>Malick Ndiaye a notamment insist\u00e9 sur \u00abl\u2019application des mesures prises lors du Conseil interminist\u00e9riel consacr\u00e9 au transport\u00bb, rappelant la n\u00e9cessit\u00e9 d\u2019une \u00abam\u00e9lioration de la formation des chauffeurs et la revue des crit\u00e8res de d\u00e9livrance des permis de conduire\u00bb.<\/p>\n\n\n\n<p>De son point de vue, \u00abla gestion de la fatigue est cruciale, car de nombreux chauffeurs ne b\u00e9n\u00e9ficient pas de repos ad\u00e9quat avant de reprendre le volant\u00bb.<\/p>\n\n\n\n<p>SOURCE LEQUOTIDIEN<\/p>\n","protected":false},"excerpt":{"rendered":"<p>La soci\u00e9t\u00e9 nationale de trans\u00adport public Dakar Dem Dikk compte mobiliser plus de 240 bus \u00e0 l\u2019occasion du Magal de<\/p>\n","protected":false},"author":1,"featured_media":11784,"comment_status":"open","ping_status":"open","sticky":false,"template":"","format":"standard","meta":{"footnotes":""},"categories":[21],"tags":[],"class_list":["post-40462","post","type-post","status-publish","format-standard","has-post-thumbnail","hentry","category-societe"],"_links":{"self":[{"href":"https:\/\/dekkbi.com\/index.php?rest_route=\/wp\/v2\/posts\/40462","targetHints":{"allow":["GET"]}}],"collection":[{"href":"https:\/\/dekkbi.com\/index.php?rest_route=\/wp\/v2\/posts"}],"about":[{"href":"https:\/\/dekkbi.com\/index.php?rest_route=\/wp\/v2\/types\/post"}],"author":[{"embeddable":true,"href":"https:\/\/dekkbi.com\/index.php?rest_route=\/wp\/v2\/users\/1"}],"replies":[{"embeddable":true,"href":"https:\/\/dekkbi.com\/index.php?rest_route=%2Fwp%2Fv2%2Fcomments&post=40462"}],"version-history":[{"count":1,"href":"https:\/\/dekkbi.com\/index.php?rest_route=\/wp\/v2\/posts\/40462\/revisions"}],"predecessor-version":[{"id":40463,"href":"https:\/\/dekkbi.com\/index.php?rest_route=\/wp\/v2\/posts\/40462\/revisions\/40463"}],"wp:featuredmedia":[{"embeddable":true,"href":"https:\/\/dekkbi.com\/index.php?rest_route=\/wp\/v2\/media\/11784"}],"wp:attachment":[{"href":"https:\/\/dekkbi.com\/index.php?rest_route=%2Fwp%2Fv2%2Fmedia&parent=40462"}],"wp:term":[{"taxonomy":"category","embeddable":true,"href":"https:\/\/dekkbi.com\/index.php?rest_route=%2Fwp%2Fv2%2Fcategories&post=40462"},{"taxonomy":"post_tag","embeddable":true,"href":"https:\/\/dekkbi.com\/index.php?rest_route=%2Fwp%2Fv2%2Ftags&post=40462"}],"curies":[{"name":"wp","href":"https:\/\/api.w.org\/{rel}","templated":true}]}}