{"id":40458,"date":"2024-08-19T15:48:37","date_gmt":"2024-08-19T15:48:37","guid":{"rendered":"https:\/\/dekkbi.com\/?p=40458"},"modified":"2024-08-19T15:48:37","modified_gmt":"2024-08-19T15:48:37","slug":"serie-daccidents-mortels-letat-demarre-ses-represailles","status":"publish","type":"post","link":"https:\/\/dekkbi.com\/?p=40458","title":{"rendered":"S\u00e9rie d\u2019accidents mortels: L\u2019\u00c9tat d\u00e9marre ses repr\u00e9sailles"},"content":{"rendered":"\n<p><strong>Que faire avec les morts et bless\u00e9s graves qui s\u2019encha\u00eenent sur les routes. Apr\u00e8s l\u2019accident r\u00e9cemment survenu \u00e0 Ndande, Koumpentoum a enregistr\u00e9 un violent choc, ce samedi, aux environs de 6h du matin. Un minicar, qui venait \u00e0 Koumpentoum, a percut\u00e9 un bus. Le bilan est lourd : 7 personnes sont d\u00e9c\u00e9d\u00e9es dont 6 sur le coup. Des bless\u00e9s graves sont aussi d\u00e9nombr\u00e9s.<\/strong><\/p>\n\n\n\n<p><strong>Par Abdoulaye FALL \u2013&nbsp;<\/strong>A quand la fin des accidents mortels sur nos routes ? Il ne se passe pas une semaine sans qu\u2019il ne soit not\u00e9 un violent accident. Ce samedi, c\u2019est \u00e0 Koumpentoum que le drame s\u2019est produit. A l\u2019entr\u00e9e de la ville, un mini car a heurt\u00e9 un bus \u00e0 l\u2019arri\u00e8re. Des t\u00e9moignages soutiennent que c\u2019est le chauffeur du bus qui a voulu effectuer un d\u00e9passement dangereux, provoquant ainsi le drame. D\u2019autres \u00e9voquent la th\u00e8se du sommeil. \u00abLe chauffeur serait pris dans un moment de sommeil\u00bb, susurre-t-on. De toutes les fa\u00e7ons, le bilan est tr\u00e8s lourd : 6 personnes sont mortes sur le coup. Avant qu\u2019un autre bless\u00e9 grave ne succombe \u00e0 l\u2019h\u00f4pital de Koumpentoum. 12 autres personnes, gri\u00e8vement bless\u00e9es, y sont aussi \u00e9vacu\u00e9es.<\/p>\n\n\n\n<p>En attendant, la gendarmerie a ouvert une enqu\u00eate pour d\u00e9terminer les circonstances de l\u2019accident. A l\u2019image du Pm, le ministre des Transports a publi\u00e9 un communiqu\u00e9 sur un ton mena\u00e7ant pour essayer de mettre fin \u00e0 l\u2019h\u00e9catombe sur les routes. Il dit&nbsp;: \u00abMalgr\u00e9 les mesures de pr\u00e9vention et de nombreux appels \u00e0 la prudence adress\u00e9s aux usagers de la route, les accidents continuent d\u2019\u00eatre fr\u00e9quents et meurtriers. Nous d\u00e9plorons profond\u00e9ment cette situation. Nous rappelons que les causes de ces accidents sont multiples, mais elles sont principalement li\u00e9es \u00e0 des comportements humains tels que le non-respect du Code de la route, la n\u00e9gligence, les exc\u00e8s de vitesse et les d\u00e9passements dangereux. Les cinq derniers accidents sont tous attribuables \u00e0 des erreurs humaines&nbsp;: trois r\u00e9sultent de d\u00e9passements irr\u00e9guliers et dangereux, et deux d\u2019endormissement au volant.\u00bb<\/p>\n\n\n\n<p><strong>L\u2019Etat bande les muscles<\/strong><br>El Malick Ndiaye a d\u00e9cid\u00e9 de durcir le ton. \u00abC\u2019est pourquoi, en parfaite collaboration avec les minist\u00e8res des Forces arm\u00e9es et de l\u2019Int\u00e9rieur, nous allons imm\u00e9diatement intensifier les contr\u00f4les routiers en d\u00e9multipliant les points de contr\u00f4le et en renfor\u00e7ant les sanctions. Les temps de conduite et de repos seront strictement contr\u00f4l\u00e9s et des sanctions s\u00e9v\u00e8res, allant jusqu\u2019\u00e0 l\u2019emprisonnement ou au retrait du permis de conduire, seront inflig\u00e9es aux contrevenants conform\u00e9ment aux textes qui r\u00e9gulent le secteur\u00bb, note le minist\u00e8re. Il poursuit avec une mise en garde&nbsp;tr\u00e8s claire&nbsp;:&nbsp;\u00abDor\u00e9navant, en cas d\u2019accident grave, des enqu\u00eates syst\u00e9matiques seront men\u00e9es pour \u00e9tablir la cha\u00eene de responsabilit\u00e9s, et tous les acteurs concern\u00e9s seront tenus de rendre des comptes. A cet \u00e9gard, nous exhortons les op\u00e9rateurs de transport \u00e0 assumer pleinement leurs responsabilit\u00e9s, notamment en veil\u00adlant scrupuleusement au res\u00adpect des normes techniques d\u2019exploitation des v\u00e9hicules, \u00e0 la formation et \u00e0 la sensibilisation de leurs employ\u00e9s, ainsi qu\u2019au respect de leurs conditions de travail, en particulier les horaires et la gestion de la fatigue.\u00bb<\/p>\n\n\n\n<p>Dans le m\u00eame sillage, l\u2019Etat entend assumer sa responsabilit\u00e9&nbsp;: \u00abNous avons \u00e9galement donn\u00e9 instruction \u00e0 nos services d\u2019acc\u00e9l\u00e9rer les projets li\u00e9s au nouveau Code de la route, \u00e0 la vid\u00e9o-verbalisation, aux centres de formation et d\u2019examen, aux centres modernes de contr\u00f4le technique, ainsi qu\u2019\u00e0 la misse \u00e0 niveau des routes nationales.\u00bb<\/p>\n\n\n\n<p>Aujourd\u2019hui, la probl\u00e9matique de la s\u00e9curit\u00e9 routi\u00e8re devient une priorit\u00e9 politique. Apr\u00e8s le Conseil interminist\u00e9riel pr\u00e9sid\u00e9 par le Premier ministre il y a quelques jours, il s\u2019ouvre ce matin les Etats g\u00e9n\u00e9raux des transports publics pour \u00abfavoriser une transformation rapide et compl\u00e8te du secteur\u00bb. Pr\u00e9vu les 19, 20, 21 et 22 ao\u00fbt 2024 au Stade Me Abdoulaye Wade de Diam\u00adniadio, ce s\u00e9minaire, organis\u00e9 par le minist\u00e8re des Infrastruc\u00adtures et des transports terrestres et a\u00e9riens, qui va r\u00e9unir \u00abplusieurs participants issus du transport routier, a pour objectif d\u2019harmoniser les positions des diff\u00e9rents acteurs du secteur\u00bb.<\/p>\n\n\n\n<p><strong>afall@lequotidien.sn<\/strong><\/p>\n","protected":false},"excerpt":{"rendered":"<p>Que faire avec les morts et bless\u00e9s graves qui s\u2019encha\u00eenent sur les routes. Apr\u00e8s l\u2019accident r\u00e9cemment survenu \u00e0 Ndande, Koumpentoum<\/p>\n","protected":false},"author":1,"featured_media":40278,"comment_status":"open","ping_status":"open","sticky":false,"template":"","format":"standard","meta":{"footnotes":""},"categories":[26],"tags":[],"class_list":["post-40458","post","type-post","status-publish","format-standard","has-post-thumbnail","hentry","category-fait-divers"],"_links":{"self":[{"href":"https:\/\/dekkbi.com\/index.php?rest_route=\/wp\/v2\/posts\/40458","targetHints":{"allow":["GET"]}}],"collection":[{"href":"https:\/\/dekkbi.com\/index.php?rest_route=\/wp\/v2\/posts"}],"about":[{"href":"https:\/\/dekkbi.com\/index.php?rest_route=\/wp\/v2\/types\/post"}],"author":[{"embeddable":true,"href":"https:\/\/dekkbi.com\/index.php?rest_route=\/wp\/v2\/users\/1"}],"replies":[{"embeddable":true,"href":"https:\/\/dekkbi.com\/index.php?rest_route=%2Fwp%2Fv2%2Fcomments&post=40458"}],"version-history":[{"count":1,"href":"https:\/\/dekkbi.com\/index.php?rest_route=\/wp\/v2\/posts\/40458\/revisions"}],"predecessor-version":[{"id":40459,"href":"https:\/\/dekkbi.com\/index.php?rest_route=\/wp\/v2\/posts\/40458\/revisions\/40459"}],"wp:featuredmedia":[{"embeddable":true,"href":"https:\/\/dekkbi.com\/index.php?rest_route=\/wp\/v2\/media\/40278"}],"wp:attachment":[{"href":"https:\/\/dekkbi.com\/index.php?rest_route=%2Fwp%2Fv2%2Fmedia&parent=40458"}],"wp:term":[{"taxonomy":"category","embeddable":true,"href":"https:\/\/dekkbi.com\/index.php?rest_route=%2Fwp%2Fv2%2Fcategories&post=40458"},{"taxonomy":"post_tag","embeddable":true,"href":"https:\/\/dekkbi.com\/index.php?rest_route=%2Fwp%2Fv2%2Ftags&post=40458"}],"curies":[{"name":"wp","href":"https:\/\/api.w.org\/{rel}","templated":true}]}}