{"id":40455,"date":"2024-08-19T15:46:46","date_gmt":"2024-08-19T15:46:46","guid":{"rendered":"https:\/\/dekkbi.com\/?p=40455"},"modified":"2024-08-19T15:46:47","modified_gmt":"2024-08-19T15:46:47","slug":"congres-de-renouvellement-lafp-prepare-lapres-niasse","status":"publish","type":"post","link":"https:\/\/dekkbi.com\/?p=40455","title":{"rendered":"Congr\u00e8s de renouvellement : L\u2019Afp pr\u00e9pare l\u2019apr\u00e8s-Niasse"},"content":{"rendered":"\n<p><a href=\"https:\/\/lequotidien.sn\/author\/aicha\/\"><\/a><em>by<\/em> Lequotidien\u00a0<\/p>\n\n\n\n<p><strong>Apr\u00e8s 25 ans \u00e0 la t\u00eate de l\u2019Alliance des forces de progr\u00e8s (Afp), le temps de passer la main \u00e0 quelqu\u2019un d\u2019autre est venu pour Moustapha Niasse. Sa formation politique, apr\u00e8s 12 ans de compagnonnage avec le Pr\u00e9sident Macky Sall, va \u00e9lire, dans les prochains jours, son successeur.<\/strong><\/p>\n\n\n\n<p><strong>Par Mamadou T. DIATTA \u2013&nbsp;<\/strong>La succession de Moustapha Niasse est ouverte \u00e0 la t\u00eate du parti Alliance des forces de progr\u00e8s (Afp). Dans les prochains jours, la formation politique, cr\u00e9\u00e9e le 17 juin 1999, va \u00e9lire le successeur de Moustapha Niasse. L\u2019annonce a \u00e9t\u00e9 faite par un des responsables dudit parti, Mbaye Dione. Le maire de Ngoundiane conduisait une d\u00e9l\u00e9gation, au nom de son leader de parti, \u00e0 Touba.<\/p>\n\n\n\n<p>\u00abLe pr\u00e9sident Moustapha Niasse a d\u00e9cid\u00e9 de se retirer de la vie politique, tout en accompagnant ses fils et filles qu\u2019il a form\u00e9s. L\u2019Afp a d\u00e9cid\u00e9 d\u2019aller en congr\u00e8s dans les prochains jours\u00bb, a indiqu\u00e9 le maire de Ngoudiagne, apr\u00e8s son audience avec les autorit\u00e9s religieuses de Touba dont Serigne Mountakha Mback\u00e9 et son porte-parole, Serigne Bassirou Mback\u00e9 Abdou Khadre.<\/p>\n\n\n\n<p>Mbaye Dione ajoute&nbsp;: \u00abLe pr\u00e9sident Moustapha Niasse a pri\u00e9 pour que la paix puisse r\u00e9gner au S\u00e9n\u00e9gal au lendemain de cette nouvelle alternance politique. Le pr\u00e9sident Moustapha Niasse a servi le pays pendant plus de 60 ans, contribu\u00e9 \u00e0 b\u00e2tir un Etat aux c\u00f4t\u00e9s du Pr\u00e9sident Senghor, accompagn\u00e9 les pr\u00e9sidents Abdou Diouf et Macky Sall.\u00bb<\/p>\n\n\n\n<p>L\u2019Alliance des forces de progr\u00e8s (Afp) est n\u00e9e des flancs du Parti socialiste, en 1999, avec l\u2019appel lanc\u00e9 aux cadres et autres citoyens, non sans d\u00e9crier la gestion de ses anciens camarades de parti. Le Secr\u00e9taire g\u00e9n\u00e9ral du parti, Moustapha Niasse, s\u2019illustrera sur la sc\u00e8ne politique dans laquelle il \u00e9volue depuis plusieurs d\u00e9cennies. Il deviendra faiseur de rois \u00e0 l\u2019\u00e9lection pr\u00e9sidentielle de 2000 en appelant \u00e0 voter pour le candidat de l\u2019opposition d\u2019alors arriv\u00e9 2\u00e8me \u00e0 l\u2019issue du premier tour de ce scrutin historique, Me Abdoulaye Wade, contre le Pr\u00e9sident sortant, Abdou Diouf. Une \u00e9lection qui consacra la premi\u00e8re alternance d\u00e9mocratique dans ce pays.<\/p>\n\n\n\n<p>Apr\u00e8s son d\u00e9part de la Primature, Niasse, qui fut \u00e0 plusieurs reprises ministres dans les gouvernements de Senghor et Abdou Diouf avant de devenir Premier ministre de ce dernier, s\u2019oppose \u00e0 Wade pendant tout le reste du r\u00e8gne de ce dernier avant de contribuer \u00e0 sa d\u00e9faite \u00e0 travers une alliance \u00e9lectorale nou\u00e9e avec le candidat Macky Sall, au second tour de la Pr\u00e9sidentielle de 2012.<\/p>\n\n\n\n<p>Le compagnonnage entre Macky Sall et Moustapha Niasse durera 12 ans, le temps de la gouvernance du Pr\u00e9sident Sall.<\/p>\n\n\n\n<p>Ce parti a eu \u00e0 former un groupe parlementaire, \u00e0 l\u2019issue des \u00e9lections l\u00e9gislatives d\u2019avril 2001. L\u2019Afp a aussi connu des d\u00e9parts importants comme, entre autres, ceux de l\u2019ancien candidat \u00e0 la derni\u00e8re Pr\u00e9sidentielle, El Hadj Malick Gakou, et le candidat recal\u00e9 au parrainage de cette m\u00eame \u00e9lection, Alioune Sarr.<br><strong>mdiatta@lequotidien.sn<\/strong><\/p>\n","protected":false},"excerpt":{"rendered":"<p>by Lequotidien\u00a0 Apr\u00e8s 25 ans \u00e0 la t\u00eate de l\u2019Alliance des forces de progr\u00e8s (Afp), le temps de passer la<\/p>\n","protected":false},"author":1,"featured_media":27409,"comment_status":"open","ping_status":"open","sticky":false,"template":"","format":"standard","meta":{"footnotes":""},"categories":[6],"tags":[],"class_list":["post-40455","post","type-post","status-publish","format-standard","has-post-thumbnail","hentry","category-politics"],"_links":{"self":[{"href":"https:\/\/dekkbi.com\/index.php?rest_route=\/wp\/v2\/posts\/40455","targetHints":{"allow":["GET"]}}],"collection":[{"href":"https:\/\/dekkbi.com\/index.php?rest_route=\/wp\/v2\/posts"}],"about":[{"href":"https:\/\/dekkbi.com\/index.php?rest_route=\/wp\/v2\/types\/post"}],"author":[{"embeddable":true,"href":"https:\/\/dekkbi.com\/index.php?rest_route=\/wp\/v2\/users\/1"}],"replies":[{"embeddable":true,"href":"https:\/\/dekkbi.com\/index.php?rest_route=%2Fwp%2Fv2%2Fcomments&post=40455"}],"version-history":[{"count":1,"href":"https:\/\/dekkbi.com\/index.php?rest_route=\/wp\/v2\/posts\/40455\/revisions"}],"predecessor-version":[{"id":40456,"href":"https:\/\/dekkbi.com\/index.php?rest_route=\/wp\/v2\/posts\/40455\/revisions\/40456"}],"wp:featuredmedia":[{"embeddable":true,"href":"https:\/\/dekkbi.com\/index.php?rest_route=\/wp\/v2\/media\/27409"}],"wp:attachment":[{"href":"https:\/\/dekkbi.com\/index.php?rest_route=%2Fwp%2Fv2%2Fmedia&parent=40455"}],"wp:term":[{"taxonomy":"category","embeddable":true,"href":"https:\/\/dekkbi.com\/index.php?rest_route=%2Fwp%2Fv2%2Fcategories&post=40455"},{"taxonomy":"post_tag","embeddable":true,"href":"https:\/\/dekkbi.com\/index.php?rest_route=%2Fwp%2Fv2%2Ftags&post=40455"}],"curies":[{"name":"wp","href":"https:\/\/api.w.org\/{rel}","templated":true}]}}