{"id":40434,"date":"2024-08-19T11:45:20","date_gmt":"2024-08-19T11:45:20","guid":{"rendered":"https:\/\/dekkbi.com\/?p=40434"},"modified":"2024-08-19T11:45:21","modified_gmt":"2024-08-19T11:45:21","slug":"au-gabon-une-fete-nationale-aux-airs-de-campagne-presidentielle","status":"publish","type":"post","link":"https:\/\/dekkbi.com\/?p=40434","title":{"rendered":"Au Gabon, une f\u00eate nationale aux airs de campagne pr\u00e9sidentielle"},"content":{"rendered":"\n<p>Sur le bord de mer de Libreville, une foule v\u00eatue de vert, jaune, bleu a assist\u00e9 le 17 ao\u00fbt \u00e0 la premi\u00e8re f\u00eate nationale de la transition, largement d\u00e9di\u00e9e au g\u00e9n\u00e9ral\u00a0Brice Clotaire Oligui Nguema, un peu moins d\u2019un an apr\u00e8s son coup d\u2019\u00c9tat contre\u00a0Ali Bongo. Depuis, chacune des apparitions du g\u00e9n\u00e9ral putchiste est largement acclam\u00e9e au point d\u2019anticiper son maintien \u00e0 la t\u00eate de l\u2019\u00c9tat, \u00e0 un an de la\u00a0fin de la p\u00e9riode de transition.<\/p>\n\n\n\n<h2 class=\"wp-block-heading\">\u00ab&nbsp;Aujourd\u2019hui, demain et apr\u00e8s&nbsp;\u00bb<\/h2>\n\n\n\n<p>Dans la capitale, les chantiers se multiplient, notamment la r\u00e9fection de routes qui n\u2019ont parfois jamais \u00e9t\u00e9 bitum\u00e9es. La municipalit\u00e9, dirig\u00e9e par un militaire nomm\u00e9 par le CTRI, a \u00e9t\u00e9 dot\u00e9e de nouveaux bacs \u00e0 ordures et a encourag\u00e9 les habitants \u00e0 repeindre les fa\u00e7ades des habitations.<\/p>\n\n\n\n<p>Pas encore candidat, le g\u00e9n\u00e9ral Oligui est d\u00e9j\u00e0 encourag\u00e9 \u00e0 poursuivre ses actions comme en t\u00e9moignent les affiches le repr\u00e9sentant avec le slogan \u00ab&nbsp;Aujourd\u2019hui, demain et apr\u00e8s&nbsp;\u00bb install\u00e9es \u00e0 l\u2019occasion d\u2019une tourn\u00e9e dans les neuf provinces du pays qui s\u2019est achev\u00e9e \u00e0 Libreville cette semaine.<\/p>\n\n\n\n<p>\u00ab&nbsp;Les \u00e9l\u00e9ments regrettables de ces derni\u00e8res ann\u00e9es ne seront bient\u00f4t qu\u2019un lointain souvenir&nbsp;\u00bb, a-t-il d\u00e9clar\u00e9 lors de son adresse \u00e0 la nation diffus\u00e9e le 16 ao\u00fbt, \u00e0 la veille de la f\u00eate nationale sur Gabon 24, la t\u00e9l\u00e9vision d\u2019\u00c9tat.<\/p>\n\n\n\n<h2 class=\"wp-block-heading\">Plusieurs \u00e9tapes \u00e0 franchir<\/h2>\n\n\n\n<p>Cette\u00a0premi\u00e8re f\u00eate nationale \u00ab\u00a0sans les Bongo\u00a0\u00bb\u00a0est un soulagement pour ce Gabonais de 40 ans, sans emploi, qui n\u2019a pas souhait\u00e9 d\u00e9voiler son nom de famille. \u00c0 pleins poumons, il entonne avec autant de ferveur l\u2019hymne national que les chants militaires \u00e0 gloire d\u2019Oligui et du CTRI. M\u00eame s\u2019il admet que \u00ab\u00a0ce n\u2019est pas en claquant des doigts qu\u2019on efface 55 ans de pouvoir\u00a0\u00bb, il \u00ab\u00a0accorde d\u00e9j\u00e0 sa confiance\u00a0\u00bb au g\u00e9n\u00e9ral pour l\u2019\u00e9lection pr\u00e9sidentielle pr\u00e9vue pour ao\u00fbt 2025.<\/p>\n\n\n\n<p>Plusieurs \u00e9tapes restent \u00e0 franchir avant l\u2019\u00e9ch\u00e9ance finale de la transition d\u2019apr\u00e8s le chronogramme pr\u00e9sent\u00e9 en novembre dernier, notamment la publication d\u2019une \u00ab&nbsp;premi\u00e8re mouture&nbsp;\u00bb de la Constitution et son vote par r\u00e9f\u00e9rendum d\u2019ici la fin de l\u2019ann\u00e9e.<\/p>\n\n\n\n<p><strong>(Avec AFP)<\/strong><\/p>\n","protected":false},"excerpt":{"rendered":"<p>Sur le bord de mer de Libreville, une foule v\u00eatue de vert, jaune, bleu a assist\u00e9 le 17 ao\u00fbt \u00e0<\/p>\n","protected":false},"author":1,"featured_media":40435,"comment_status":"open","ping_status":"open","sticky":false,"template":"","format":"standard","meta":{"footnotes":""},"categories":[51],"tags":[],"class_list":["post-40434","post","type-post","status-publish","format-standard","has-post-thumbnail","hentry","category-general"],"_links":{"self":[{"href":"https:\/\/dekkbi.com\/index.php?rest_route=\/wp\/v2\/posts\/40434","targetHints":{"allow":["GET"]}}],"collection":[{"href":"https:\/\/dekkbi.com\/index.php?rest_route=\/wp\/v2\/posts"}],"about":[{"href":"https:\/\/dekkbi.com\/index.php?rest_route=\/wp\/v2\/types\/post"}],"author":[{"embeddable":true,"href":"https:\/\/dekkbi.com\/index.php?rest_route=\/wp\/v2\/users\/1"}],"replies":[{"embeddable":true,"href":"https:\/\/dekkbi.com\/index.php?rest_route=%2Fwp%2Fv2%2Fcomments&post=40434"}],"version-history":[{"count":1,"href":"https:\/\/dekkbi.com\/index.php?rest_route=\/wp\/v2\/posts\/40434\/revisions"}],"predecessor-version":[{"id":40436,"href":"https:\/\/dekkbi.com\/index.php?rest_route=\/wp\/v2\/posts\/40434\/revisions\/40436"}],"wp:featuredmedia":[{"embeddable":true,"href":"https:\/\/dekkbi.com\/index.php?rest_route=\/wp\/v2\/media\/40435"}],"wp:attachment":[{"href":"https:\/\/dekkbi.com\/index.php?rest_route=%2Fwp%2Fv2%2Fmedia&parent=40434"}],"wp:term":[{"taxonomy":"category","embeddable":true,"href":"https:\/\/dekkbi.com\/index.php?rest_route=%2Fwp%2Fv2%2Fcategories&post=40434"},{"taxonomy":"post_tag","embeddable":true,"href":"https:\/\/dekkbi.com\/index.php?rest_route=%2Fwp%2Fv2%2Ftags&post=40434"}],"curies":[{"name":"wp","href":"https:\/\/api.w.org\/{rel}","templated":true}]}}