{"id":40422,"date":"2024-08-18T14:23:40","date_gmt":"2024-08-18T14:23:40","guid":{"rendered":"https:\/\/dekkbi.com\/?p=40422"},"modified":"2024-08-18T14:23:41","modified_gmt":"2024-08-18T14:23:41","slug":"le-president-bassirou-diomaye-faye-attendu-a-touba-lundi","status":"publish","type":"post","link":"https:\/\/dekkbi.com\/?p=40422","title":{"rendered":"Le pr\u00e9sident Bassirou Diomaye Faye attendu \u00e0 Touba, lundi"},"content":{"rendered":"\n<p>Dakar,  (APS) \u2013 Le pr\u00e9sident de la R\u00e9publique, Bassirou Diomaye Faye est attendu, demain lundi, \u00e0 Touba, pour une visite de courtoisie chez le Khalife g\u00e9n\u00e9ral des mourides, en pr\u00e9lude au grand Magal pr\u00e9vu vendredi prochain, a appris l\u2019APS de source proche de la pr\u00e9sidence.<\/p>\n\n\n\n<p>Le Magal comm\u00e9more chaque ann\u00e9e l\u2019exil au Gabon (1895-1902) du fondateur de la confr\u00e9rie des mourides, Cheikh Ahmadou Bamba (1853-1927).<\/p>\n\n\n\n<p>L\u2019\u00e9v\u00e9nement religieux fait venir des millions de p\u00e8lerins \u00e0 Touba. Ils viennent des 14 r\u00e9gions du S\u00e9n\u00e9gal et de nombreux autres pays.<\/p>\n\n\n\n<p>L\u2019\u00e9dition de cette ann\u00e9e, la 130e, sera c\u00e9l\u00e9br\u00e9e vendredi, le 23 aout prochain correspondant au 18<sup>e<\/sup>&nbsp;jour du mois lunaire Safar 1446H.<\/p>\n\n\n\n<p>SMD\/ASB<\/p>\n","protected":false},"excerpt":{"rendered":"<p>Dakar, (APS) \u2013 Le pr\u00e9sident de la R\u00e9publique, Bassirou Diomaye Faye est attendu, demain lundi, \u00e0 Touba, pour une visite<\/p>\n","protected":false},"author":1,"featured_media":34518,"comment_status":"open","ping_status":"open","sticky":false,"template":"","format":"standard","meta":{"footnotes":""},"categories":[6],"tags":[],"class_list":["post-40422","post","type-post","status-publish","format-standard","has-post-thumbnail","hentry","category-politics"],"_links":{"self":[{"href":"https:\/\/dekkbi.com\/index.php?rest_route=\/wp\/v2\/posts\/40422","targetHints":{"allow":["GET"]}}],"collection":[{"href":"https:\/\/dekkbi.com\/index.php?rest_route=\/wp\/v2\/posts"}],"about":[{"href":"https:\/\/dekkbi.com\/index.php?rest_route=\/wp\/v2\/types\/post"}],"author":[{"embeddable":true,"href":"https:\/\/dekkbi.com\/index.php?rest_route=\/wp\/v2\/users\/1"}],"replies":[{"embeddable":true,"href":"https:\/\/dekkbi.com\/index.php?rest_route=%2Fwp%2Fv2%2Fcomments&post=40422"}],"version-history":[{"count":1,"href":"https:\/\/dekkbi.com\/index.php?rest_route=\/wp\/v2\/posts\/40422\/revisions"}],"predecessor-version":[{"id":40423,"href":"https:\/\/dekkbi.com\/index.php?rest_route=\/wp\/v2\/posts\/40422\/revisions\/40423"}],"wp:featuredmedia":[{"embeddable":true,"href":"https:\/\/dekkbi.com\/index.php?rest_route=\/wp\/v2\/media\/34518"}],"wp:attachment":[{"href":"https:\/\/dekkbi.com\/index.php?rest_route=%2Fwp%2Fv2%2Fmedia&parent=40422"}],"wp:term":[{"taxonomy":"category","embeddable":true,"href":"https:\/\/dekkbi.com\/index.php?rest_route=%2Fwp%2Fv2%2Fcategories&post=40422"},{"taxonomy":"post_tag","embeddable":true,"href":"https:\/\/dekkbi.com\/index.php?rest_route=%2Fwp%2Fv2%2Ftags&post=40422"}],"curies":[{"name":"wp","href":"https:\/\/api.w.org\/{rel}","templated":true}]}}