{"id":4041,"date":"2022-11-29T12:13:41","date_gmt":"2022-11-29T12:13:41","guid":{"rendered":"https:\/\/dekkbi.com\/?p=4041"},"modified":"2022-11-29T12:51:21","modified_gmt":"2022-11-29T12:51:21","slug":"macky-sall-annonce-un-prix-du-president-de-la-republique-pour-le-recital-du-saint-coran","status":"publish","type":"post","link":"https:\/\/dekkbi.com\/?p=4041","title":{"rendered":"Macky Sall annonce un Prix pour le r\u00e9cital du Saint Coran"},"content":{"rendered":"\n<h3 class=\"wp-block-heading\">Le chef de l\u2019Etat, Macky Sall, a annonc\u00e9, lundi, l\u2019institution d\u2019un Prix du pr\u00e9sident de la R\u00e9publique pour le r\u00e9cital du Saint Coran visant \u00e0 cr\u00e9er une \u00e9mulation au plan national et \u00e0 aider une pr\u00e9paration optimale des candidats et candidates s\u00e9n\u00e9galais aux concours internationaux.<\/h3>\n\n\n\n<p>\u2019\u2019Dans le m\u00eame esprit, pour cr\u00e9er une \u00e9mulation au plan national et aider \u00e0 une pr\u00e9paration optimale de nos candidats et candidates, je suis heureux d\u2019annoncer l\u2019institution d\u2019un Prix du pr\u00e9sident de la R\u00e9publique pour le r\u00e9cital du Saint Coran\u2019\u2019, a-t-il d\u00e9clar\u00e9.<\/p>\n\n\n\n<p>Macky Sall s\u2019exprimait \u00e0 l\u2019occasion de la rencontre nationale avec la communaut\u00e9 des daara (\u00e9coles coraniques), au Centre international de conf\u00e9rences Abdou Diouf (CICAD), \u00e0 Diamniadio, dans le d\u00e9partement de Rufisque. Environ 1500 participants en provenance des quatorze r\u00e9gions du pays ont pris part \u00e0 la c\u00e9r\u00e9monie.<\/p>\n\n\n\n<p>Le pr\u00e9sident Sall a r\u00e9it\u00e9r\u00e9 \u201cune fois de plus, toute l\u2019importance qu&rsquo;il accorde \u00e0 \u201dl\u2019inclusion et \u00e0 la justice sociales, pour que toutes les forces vives de la nation participent au processus de d\u00e9veloppement national et en b\u00e9n\u00e9ficient\u00a0\u00bb conform\u00e9ment \u00e0 sa vision du \u201cS\u00e9n\u00e9gal de tous, et du S\u00e9n\u00e9gal pour tous\u201d.<\/p>\n\n\n\n<p>Selon lui, \u2018\u2019s\u2019occuper de nos daara et de nos dipl\u00f4m\u00e9s en langue arabe, s\u2019inscrit pleinement dans l\u2019Axe II du Plan S\u00e9n\u00e9gal \u00e9mergent d\u00e9di\u00e9 au capital humain, dont l\u2019\u00e9ducation et la formation constituent deux composantes majeures\u00a0\u00bb.<br>Macky Sall a soutenu que \u2018\u2019pour un pays musulman \u00e0 95%, il est important de veiller \u00e0 la bonne prise en charge de nos daara, outils d\u2019\u00e9ducation spirituelle depuis l\u2019entr\u00e9e de l\u2019islam dans notre pays il y a plusieurs si\u00e8cles\u00a0\u00bb.<\/p>\n\n\n\n<p>Le daara, a-t-il dit, \u2018\u2019professe la Parole de Dieu, en m\u00eame temps qu\u2019il inculque l\u2019humilit\u00e9 et l\u2019humanit\u00e9 qui demandent \u00e0 chacun d\u2019oublier son \u00e9go pour cultiver l\u2019altruisme et la fraternit\u00e9 humaine.\u2019\u2019<br>Fort de ce constat, il a rendu hommage au cours de cette c\u00e9r\u00e9monie \u00e0 \u2019\u2019toutes les figures religieuses de notre pays qui, \u00e0 travers les \u00e2ges, aident \u00e0 la formation aux valeurs spirituelles et soci\u00e9tales qui purifient l\u2019\u00e2me et \u00e9l\u00e8vent l\u2019esprit\u00a0\u00bb.<\/p>\n\n\n\n<p>Il a \u00e9galement salu\u00e9 et remerci\u00e9 \u2018\u2019nos Khalifes g\u00e9n\u00e9raux, ainsi que les Serigne et les Nd\u00e8yu daara qui continuent de perp\u00e9tuer l\u2019enseignement des valeurs authentiques de l\u2019islam, religion du juste milieu, selon les propos du Proph\u00e8te Mohamed (Paix et salut sur lui).\u2019\u2019<br>\u201cNous en avons grandement besoin, en ces temps troubles o\u00f9 nos valeurs de culture et de civilisation sont percut\u00e9es et malmen\u00e9es par les servitudes mat\u00e9rielles, l\u2019imposture, le m\u2019as-tu vu, les \u00e9gos surdimensionn\u00e9s et le besoin flatteur de para\u00eetre\u201d, a-t-il relev\u00e9.<\/p>\n\n\n\n<p>A ce propos, le chef de l\u2019Etat a exprim\u00e9 toute sa \u2018\u2019d\u00e9termination \u00e0 poursuivre la modernisation des daara, afin qu\u2019ils puissent s\u2019adapter aux r\u00e9alit\u00e9s de leur temps en gardant leur vocation traditionnelle d\u2019\u00e9ducation et de formation\u00a0\u00bb.<br>Depuis 2012, l\u2019Etat a mis en place des projets et programmes sp\u00e9cifiques d\u2019envergure nationale au b\u00e9n\u00e9fice de 1357 daara, pour un investissement total de plus de 25 milliards FCFA, a fait savoir le chef de l&rsquo;Etat.<\/p>\n\n\n\n<p>Cela a permis \u2018\u2019la construction et l\u2019\u00e9quipement de 64 daara modernes, dont 8 en cours d\u2019ach\u00e8vement, la r\u00e9habilitation de 99 daara traditionnels, le soutien \u00e0 76 daara pr\u00e9scolaires et la construction en cours de 14 daara pr\u00e9scolaires publics\u00a0\u00bb, a-t-il ajout\u00e9.<br>Macky Sall a indiqu\u00e9 que ces programmes et projets sp\u00e9cifiques ont \u00e9galement facilit\u00e9 le recrutement de 100 ma\u00eetres coraniques dans la fonction publique, le recrutement et la formation de 665 prestataires de services pour les daara, la formation de 76 ma\u00eetres coraniques pour les daara pr\u00e9scolaires et la formation de 1581 membres de comit\u00e9s de gestion des daara.<\/p>\n\n\n\n<p>Afin de \u2018\u2019mettre en coh\u00e9rence cette nouvelle dynamique de valorisation des daara et des dipl\u00f4m\u00e9s en langue arabe\u2019\u2019, le pr\u00e9sident Sall rappelle avoir mis en place, \u2018\u2019en mai 2021, un Bureau d\u2019assistance aux daara et aux dipl\u00f4m\u00e9s de l\u2019enseignement arabe\u00a0\u00bb.<br>Cette nouvelle structure rattach\u00e9e \u00e0 la Pr\u00e9sidence de la R\u00e9publique, \u2018\u2019est charg\u00e9e, entre autres, de promouvoir la concertation avec les acteurs, organisations socioprofessionnelles et personnalit\u00e9s religieuses assurant le fonctionnement du syst\u00e8me des daara\u00a0\u00bb, a-t-il expliqu\u00e9.<\/p>\n\n\n\n<p>Elle accordera \u00e9galement, a-t-il dit, \u2018\u2019une attention particuli\u00e8re aux programmes d\u2019insertion, d\u2019emploi, de financement et de protection sociale des apprenants, de leur encadrement et des dipl\u00f4m\u00e9s de l\u2019enseignement arabe\u00a0\u00bb.<br>Le chef de l\u2019Etat a estim\u00e9 que malgr\u00e9 ces r\u00e9alisations, des d\u00e9fis restent \u00e0 relever \u2018\u2019pour une meilleure insertion des daara dans notre syst\u00e8me socio-\u00e9ducatif et \u00e9conomique\u00a0\u00bb.<\/p>\n\n\n\n<p>C\u2019est pourquoi, il a d\u00e9clar\u00e9 avoir demand\u00e9 \u201cune cartographie exhaustive des daara, afin d\u2019affiner davantage nos strat\u00e9gies d\u2019intervention\u201d.<\/p>\n\n\n\n<p>APS<\/p>\n","protected":false},"excerpt":{"rendered":"<p>Le chef de l\u2019Etat, Macky Sall, a annonc\u00e9, lundi, l\u2019institution d\u2019un Prix du pr\u00e9sident de la R\u00e9publique pour le r\u00e9cital<\/p>\n","protected":false},"author":1,"featured_media":4042,"comment_status":"open","ping_status":"open","sticky":false,"template":"","format":"standard","meta":{"footnotes":""},"categories":[21],"tags":[],"class_list":["post-4041","post","type-post","status-publish","format-standard","has-post-thumbnail","hentry","category-societe"],"_links":{"self":[{"href":"https:\/\/dekkbi.com\/index.php?rest_route=\/wp\/v2\/posts\/4041","targetHints":{"allow":["GET"]}}],"collection":[{"href":"https:\/\/dekkbi.com\/index.php?rest_route=\/wp\/v2\/posts"}],"about":[{"href":"https:\/\/dekkbi.com\/index.php?rest_route=\/wp\/v2\/types\/post"}],"author":[{"embeddable":true,"href":"https:\/\/dekkbi.com\/index.php?rest_route=\/wp\/v2\/users\/1"}],"replies":[{"embeddable":true,"href":"https:\/\/dekkbi.com\/index.php?rest_route=%2Fwp%2Fv2%2Fcomments&post=4041"}],"version-history":[{"count":2,"href":"https:\/\/dekkbi.com\/index.php?rest_route=\/wp\/v2\/posts\/4041\/revisions"}],"predecessor-version":[{"id":4074,"href":"https:\/\/dekkbi.com\/index.php?rest_route=\/wp\/v2\/posts\/4041\/revisions\/4074"}],"wp:featuredmedia":[{"embeddable":true,"href":"https:\/\/dekkbi.com\/index.php?rest_route=\/wp\/v2\/media\/4042"}],"wp:attachment":[{"href":"https:\/\/dekkbi.com\/index.php?rest_route=%2Fwp%2Fv2%2Fmedia&parent=4041"}],"wp:term":[{"taxonomy":"category","embeddable":true,"href":"https:\/\/dekkbi.com\/index.php?rest_route=%2Fwp%2Fv2%2Fcategories&post=4041"},{"taxonomy":"post_tag","embeddable":true,"href":"https:\/\/dekkbi.com\/index.php?rest_route=%2Fwp%2Fv2%2Ftags&post=4041"}],"curies":[{"name":"wp","href":"https:\/\/api.w.org\/{rel}","templated":true}]}}