{"id":4038,"date":"2022-11-29T12:09:58","date_gmt":"2022-11-29T12:09:58","guid":{"rendered":"https:\/\/dekkbi.com\/?p=4038"},"modified":"2022-11-29T12:10:00","modified_gmt":"2022-11-29T12:10:00","slug":"mamoudou-ibra-kane-sur-le-comportement-du-cnra-ils-sont-en-train-de-ruiner-nos-efforts","status":"publish","type":"post","link":"https:\/\/dekkbi.com\/?p=4038","title":{"rendered":"Mamoudou Ibra Kane sur le comportement du Cnra : \u00abIls sont en train de ruiner nos efforts\u00bb"},"content":{"rendered":"\n<p>Le Groupe Emedia Invest est d\u00e9termin\u00e9 \u00e0 aller jusqu\u2019au bout de l\u2019affaire concernant l\u2019attribution des droits Tv pour la Coupe du monde \u00e0 la Rts par New World Tv. C\u2019est la position affich\u00e9e par son Directeur g\u00e9n\u00e9ral, Mamoudou Ibra Kane, invit\u00e9 de l\u2019\u00e9mission Grand oral de Rewmi Fm, ce samedi 26 novembre 2022 a rappel\u00e9 que dans ce dossier, la bataille est engag\u00e9e.<\/p>\n\n\n\n<p>\u00ab Emedia a d\u00e9j\u00e0 gagn\u00e9 une manche. La Commission de la concurrence de l\u2019Uemoa a d\u00e9clar\u00e9 recevable la requ\u00eate du groupe de presse contre la Rts. D\u2019ailleurs, l\u2019\u00c9tat du S\u00e9n\u00e9gal, la Rts et New World, sont somm\u00e9s de s\u2019expliquer pour que \u00able dossier soit examin\u00e9 dans le fond\u00bb, a dit le journaliste.<\/p>\n\n\n\n<p>Mamoudou Ibra Kane rel\u00e8ve pour s\u2019en f\u00e9liciter que \u00abc\u2019est rare que cette commission accepte la recevabilit\u00e9 d\u2019un recours dans un tel cas de figure\u00bb. Ainsi, \u00abun dossier pendant comme \u00e7a et la requ\u00eate recevable en la forme, cela signifie que la Rts devait suspendre la diffusion\u00bb de la Coupe du monde, a-t-il ajout\u00e9. Sauf que, se d\u00e9sole l\u2019invit\u00e9, \u00aben complicit\u00e9 avec le Cnra qui a coup\u00e9 le signal d\u2019iTv, lors du match S\u00e9n\u00e9gal\/Pays-Bas, la Rts est en train de diffuser des matchs auxquels elle n\u2019a pas droit. Pis, elle a rafl\u00e9 toute la publicit\u00e9\u00bb.<\/p>\n\n\n\n<p>Le Dg de E-media assure que les avocats du groupe vont faire le n\u00e9cessaire par rapport \u00e0 la d\u00e9cision de couper le signal d\u2019iTv.<\/p>\n\n\n\n<p>Avant de souligner : \u00abA travers son comportement douteux, le pr\u00e9sident du Cnra, Babacar Diagne, est en train de ruiner les efforts que nous sommes en train de consentir pour faire de notre entreprise une entreprise viable \u00e9conomiquement. Une entreprise qui participe \u00e0 la cr\u00e9ation des emplois et des richesses dans ce pays. Et, ils le font en toute ill\u00e9galit\u00e9. C\u2019est l\u00e0 o\u00f9 je trouve d\u00e9solant le silence que nous observons \u00e0 travers le pays.\u00bb Pour Mamoudou Ibra Kane, il urge de dire stop aux agissements du Cnra.<\/p>\n\n\n\n<p>Parce que, explique-t-il, \u00abau S\u00e9n\u00e9gal, il y a des enjeux \u00e9normes, li\u00e9s \u00e0 l\u2019\u00e9lection pr\u00e9sidentielle, au p\u00e9trole et au gaz, enjeux de s\u00e9curit\u00e9 et autres. Or, quand un pays comme le S\u00e9n\u00e9gal se trouve dans ce genre de situation et que les m\u00e9dias ne soient pas des m\u00e9dias professionnels, cr\u00e9dibles et forts, ce pays risque de se retrouver dans des situations extr\u00eamement compliqu\u00e9es. C\u2019est arriv\u00e9 ailleurs. Cela signifie que nous ne sommes pas \u00e0 l\u2019abri\u00bb.<br>Bes Bi<\/p>\n","protected":false},"excerpt":{"rendered":"<p>Le Groupe Emedia Invest est d\u00e9termin\u00e9 \u00e0 aller jusqu\u2019au bout de l\u2019affaire concernant l\u2019attribution des droits Tv pour la Coupe<\/p>\n","protected":false},"author":1,"featured_media":4039,"comment_status":"open","ping_status":"open","sticky":false,"template":"","format":"standard","meta":{"footnotes":""},"categories":[21],"tags":[],"class_list":["post-4038","post","type-post","status-publish","format-standard","has-post-thumbnail","hentry","category-societe"],"_links":{"self":[{"href":"https:\/\/dekkbi.com\/index.php?rest_route=\/wp\/v2\/posts\/4038","targetHints":{"allow":["GET"]}}],"collection":[{"href":"https:\/\/dekkbi.com\/index.php?rest_route=\/wp\/v2\/posts"}],"about":[{"href":"https:\/\/dekkbi.com\/index.php?rest_route=\/wp\/v2\/types\/post"}],"author":[{"embeddable":true,"href":"https:\/\/dekkbi.com\/index.php?rest_route=\/wp\/v2\/users\/1"}],"replies":[{"embeddable":true,"href":"https:\/\/dekkbi.com\/index.php?rest_route=%2Fwp%2Fv2%2Fcomments&post=4038"}],"version-history":[{"count":1,"href":"https:\/\/dekkbi.com\/index.php?rest_route=\/wp\/v2\/posts\/4038\/revisions"}],"predecessor-version":[{"id":4040,"href":"https:\/\/dekkbi.com\/index.php?rest_route=\/wp\/v2\/posts\/4038\/revisions\/4040"}],"wp:featuredmedia":[{"embeddable":true,"href":"https:\/\/dekkbi.com\/index.php?rest_route=\/wp\/v2\/media\/4039"}],"wp:attachment":[{"href":"https:\/\/dekkbi.com\/index.php?rest_route=%2Fwp%2Fv2%2Fmedia&parent=4038"}],"wp:term":[{"taxonomy":"category","embeddable":true,"href":"https:\/\/dekkbi.com\/index.php?rest_route=%2Fwp%2Fv2%2Fcategories&post=4038"},{"taxonomy":"post_tag","embeddable":true,"href":"https:\/\/dekkbi.com\/index.php?rest_route=%2Fwp%2Fv2%2Ftags&post=4038"}],"curies":[{"name":"wp","href":"https:\/\/api.w.org\/{rel}","templated":true}]}}