{"id":40373,"date":"2024-08-17T17:17:44","date_gmt":"2024-08-17T17:17:44","guid":{"rendered":"https:\/\/dekkbi.com\/?p=40373"},"modified":"2024-08-17T17:17:45","modified_gmt":"2024-08-17T17:17:45","slug":"burkina-au-moins-5-magistrats-requisitionnes-par-larmee-dans-la-lutte-antijihadiste","status":"publish","type":"post","link":"https:\/\/dekkbi.com\/?p=40373","title":{"rendered":"Burkina: au moins 5 magistrats \u00ab\u00a0r\u00e9quisitionn\u00e9s\u00a0\u00bb par l&rsquo;arm\u00e9e dans la lutte antijihadiste"},"content":{"rendered":"\n<p>L&rsquo;arm\u00e9e du Burkina Faso, pays dirig\u00e9 par un r\u00e9gime militaire, a \u00ab\u00a0r\u00e9quisitionn\u00e9\u00a0\u00bb au moins cinq magistrats pour participer \u00e0 des op\u00e9rations de lutte antijihadiste, a annonc\u00e9 l&rsquo;intersyndicale des magistrats qui d\u00e9nonce un acte d'\u00a0\u00bbhumiliation et d&rsquo;intimidation\u00a0\u00bb.<\/p>\n\n\n\n<p>Lundi, cinq magistrats ont \u00ab\u00a0re\u00e7u individuellement des appels t\u00e9l\u00e9phoniques\u00a0\u00bb les informant que \u00ab\u00a0chacun est r\u00e9quisitionn\u00e9 pour les op\u00e9rations de s\u00e9curisation du territoire national pendant la p\u00e9riode du 14 ao\u00fbt au 13 novembre, avec possibilit\u00e9 de renouvellement\u00a0\u00bb, a \u00e9crit l&rsquo;intersyndicale dans un communiqu\u00e9 transmis vendredi a l&rsquo;AFP.<\/p>\n\n\n\n<p>Il s&rsquo;agit de trois procureurs \u00e0 Ouagadougou, Bobo-Dioulasso et Boromo (ouest), d&rsquo;un substitut du procureur de Bobo Dioulasso et du doyen des juges d&rsquo;instruction du tribunal de Ziniar\u00e9 (centre).<\/p>\n\n\n\n<p>L&rsquo;intersyndicale ajoute que le procureur de Gaoua (sud-ouest) et un substitut d&rsquo;un procureur de la capitale seraient \u00e9galement sur la liste des \u00ab\u00a0r\u00e9quisitionn\u00e9s\u00a0\u00bb mais n&rsquo;auraient pas \u00e9t\u00e9 appel\u00e9s.<\/p>\n\n\n\n<p>Ces sept magistrats sont cens\u00e9s se rendre \u00e0 la garnison de Kaya (centre-nord) pour y \u00eatre enr\u00f4l\u00e9s. Leur pr\u00e9sence dans cette base militaire n&rsquo;a pas \u00e9t\u00e9 confirm\u00e9e et l&rsquo;intersyndicale dit ne pas savoir o\u00f9 ils se trouvent actuellement.Elle estime que \u00ab\u00a0les r\u00e9quisitions de ces magistrats ont un lien intrins\u00e8que avec des dossiers judiciaires impliquant des soutiens du pouvoir\u00a0\u00bb.<\/p>\n\n\n\n<p>\u00ab\u00a0Ces r\u00e9quisitions ne sont ni plus ni moins que des actes d&rsquo;humiliation et d&rsquo;intimidation des magistrats dans l&rsquo;exercice de leurs fonctions\u00a0\u00bb, juge l&rsquo;intersyndicale, qui regroupe les trois principaux syndicats de magistrats du pays.<\/p>\n\n\n\n<p>Selon une ordonnance du tribunal administratif de Bobo-Dioulasso du 13 ao\u00fbt, les \u00ab\u00a0ordres de r\u00e9quisition\u00a0\u00bb du procureur et de son substitut de la capitale burkinab\u00e9 ont \u00e9t\u00e9 consid\u00e9r\u00e9s comme \u00ab\u00a0ill\u00e9gaux\u00a0\u00bb. <\/p>\n\n\n\n<p>Le tribunal a condamn\u00e9 l\u2019\u00c9tat \u00e0 payer un million de francs CFA (1524 euros) aux personnes concern\u00e9es. Arriv\u00e9 au pouvoir par un coup d\u2019\u00c9tat le 30 septembre 2022, le capitaine Ibrahim Traor\u00e9 a sign\u00e9 en avril 2023 un d\u00e9cret de \u00ab\u00a0mobilisation g\u00e9n\u00e9rale\u00a0\u00bb pour lutter contre les jihadistes qui commettent des attaques dans le pays.<\/p>\n\n\n\n<p>Depuis lors, des voix se sont \u00e9lev\u00e9es au Burkina Faso pour d\u00e9noncer l&rsquo;usage abusif de cette loi \u00e0 d&rsquo;autres fins, quand Human Rights Watch (HRW) y voyait un moyen de \u00ab\u00a0r\u00e9duire au silence la dissidence\u00a0\u00bb.<\/p>\n\n\n\n<p>Par ailleurs, plusieurs cas d&rsquo;enl\u00e8vements de voix consid\u00e9r\u00e9es comme hostiles au r\u00e9gime militaire ont \u00e9t\u00e9 rapport\u00e9s cette ann\u00e9e \u00e0 Ouagadougou et dans d&rsquo;autres localit\u00e9s du pays.<\/p>\n\n\n\n<p>Depuis 2015, le pays est tr\u00e8s r\u00e9guli\u00e8rement frapp\u00e9 par des attaques jihadistes qui ont fait en tout plus de 20.000 morts &#8211; civils et militaires &#8211; dont pr\u00e8s de 3.800 cette ann\u00e9e, selon l&rsquo;ONG Acled qui r\u00e9pertorie les victimes de conflits dans le monde.<\/p>\n\n\n\n<p><\/p>\n","protected":false},"excerpt":{"rendered":"<p>L&rsquo;arm\u00e9e du Burkina Faso, pays dirig\u00e9 par un r\u00e9gime militaire, a \u00ab\u00a0r\u00e9quisitionn\u00e9\u00a0\u00bb au moins cinq magistrats pour participer \u00e0 des<\/p>\n","protected":false},"author":1,"featured_media":30550,"comment_status":"open","ping_status":"open","sticky":false,"template":"","format":"standard","meta":{"footnotes":""},"categories":[51],"tags":[],"class_list":["post-40373","post","type-post","status-publish","format-standard","has-post-thumbnail","hentry","category-general"],"_links":{"self":[{"href":"https:\/\/dekkbi.com\/index.php?rest_route=\/wp\/v2\/posts\/40373","targetHints":{"allow":["GET"]}}],"collection":[{"href":"https:\/\/dekkbi.com\/index.php?rest_route=\/wp\/v2\/posts"}],"about":[{"href":"https:\/\/dekkbi.com\/index.php?rest_route=\/wp\/v2\/types\/post"}],"author":[{"embeddable":true,"href":"https:\/\/dekkbi.com\/index.php?rest_route=\/wp\/v2\/users\/1"}],"replies":[{"embeddable":true,"href":"https:\/\/dekkbi.com\/index.php?rest_route=%2Fwp%2Fv2%2Fcomments&post=40373"}],"version-history":[{"count":1,"href":"https:\/\/dekkbi.com\/index.php?rest_route=\/wp\/v2\/posts\/40373\/revisions"}],"predecessor-version":[{"id":40374,"href":"https:\/\/dekkbi.com\/index.php?rest_route=\/wp\/v2\/posts\/40373\/revisions\/40374"}],"wp:featuredmedia":[{"embeddable":true,"href":"https:\/\/dekkbi.com\/index.php?rest_route=\/wp\/v2\/media\/30550"}],"wp:attachment":[{"href":"https:\/\/dekkbi.com\/index.php?rest_route=%2Fwp%2Fv2%2Fmedia&parent=40373"}],"wp:term":[{"taxonomy":"category","embeddable":true,"href":"https:\/\/dekkbi.com\/index.php?rest_route=%2Fwp%2Fv2%2Fcategories&post=40373"},{"taxonomy":"post_tag","embeddable":true,"href":"https:\/\/dekkbi.com\/index.php?rest_route=%2Fwp%2Fv2%2Ftags&post=40373"}],"curies":[{"name":"wp","href":"https:\/\/api.w.org\/{rel}","templated":true}]}}