{"id":40359,"date":"2024-08-17T16:58:06","date_gmt":"2024-08-17T16:58:06","guid":{"rendered":"https:\/\/dekkbi.com\/?p=40359"},"modified":"2024-08-17T16:58:07","modified_gmt":"2024-08-17T16:58:07","slug":"assemblee-reactivation-du-reglement-interieur-les-deputes-votent-la-loi","status":"publish","type":"post","link":"https:\/\/dekkbi.com\/?p=40359","title":{"rendered":"Assembl\u00e9e \u2013 R\u00e9activation du R\u00e8glement int\u00e9rieur : Les d\u00e9put\u00e9s votent la loi"},"content":{"rendered":"\n<p>A l\u2019exception de Cheikh Abdou Mback\u00e9 Bara Dolli, qui a vot\u00e9 contre, l\u2019Assembl\u00e9e nationale a adopt\u00e9 hier la proposition de loi modifiant le R\u00e8glement int\u00e9rieur. <\/p>\n\n\n\n<p>Toutefois, cela ne permet pas encore au Premier ministre, Ousmane Sonko, de pouvoir faire sa D\u00e9claration de politique g\u00e9n\u00e9rale \u00e0 l\u2019H\u00e9micycle. En fait, le Conseil constitutionnel doit d\u2019abord voir si cette loi organique est conforme \u00e0 la Constitution. <\/p>\n\n\n\n<p>Apr\u00e8s quoi, celle-ci sera envoy\u00e9e au pr\u00e9sident de la R\u00e9publique pour promulgation.<\/p>\n\n\n\n<p>Par Justin GOMIS \u2013 L\u2019Assembl\u00e9e nationale vient de confirmer les inqui\u00e9tudes exprim\u00e9es par le Premier ministre, Ousmane Sonko, sur l\u2019irr\u00e9gularit\u00e9 du R\u00e8glement int\u00e9rieur. Les d\u00e9put\u00e9s de la 14e l\u00e9gislature ont adopt\u00e9 hier, \u00e0 l\u2019exception de Cheikh Abdou Mback\u00e9 Bara Dolli, la proposition de loi modifiant le R\u00e8glement int\u00e9rieur de l\u2019Assembl\u00e9e nationale.<\/p>\n\n\n\n<p> Cette volont\u00e9 des parlementaires permet ainsi la r\u00e9int\u00e9gration des dispositions relatives \u00e0 la fonction de Premier ministre. Une d\u00e9marche fortement appr\u00e9ci\u00e9e par le camp pr\u00e9sidentiel. \u00abNous nous r\u00e9jouissons que l\u2019Assembl\u00e9e nationale ait pu entendre notre voix. <\/p>\n\n\n\n<p>Certes nous sommes minoritaires, mais nous pensions que la voix de la v\u00e9rit\u00e9 \u00e9tait de notre c\u00f4t\u00e9, que le R\u00e8glement int\u00e9rieur pouvait poser probl\u00e8me. <\/p>\n\n\n\n<p>Et aujourd\u2019hui, nous constatons que nos  coll\u00e8gues de Bby, nos coll\u00e8gues de Libert\u00e9, d\u00e9mocratie et changement, nos coll\u00e8gues non-inscrits nous ont rejoints dans ce combat pour la conformit\u00e9 du R\u00e8glement int\u00e9rieur avec la Constitution\u00bb, a d\u00e9clar\u00e9 le pr\u00e9sident du Groupe parlementaire Yewwi askan wi (Yaw), Ayib Daff\u00e9, \u00e0 sa sortie du Parlement.<\/p>\n\n\n\n<p>Modification du R\u00e8glement int\u00e9rieur : Diallo-Tekki exige la dissolution de l\u2019Assembl\u00e9eSelon M. Daff\u00e9, \u00abc\u2019est une d\u00e9marche responsable o\u00f9 l\u2019Assembl\u00e9e nationale prend elle-m\u00eame son initiative l\u00e9gislative pour corriger ses propres textes\u00bb. <\/p>\n\n\n\n<p>Aujourd\u2019hui, Ousmane Sonko pourrait jouir des pr\u00e9rogatives attribu\u00e9es au Premier ministre au sein de l\u2019Assembl\u00e9e en ce sens que  tout ce qui a trait \u00e0 son statut a \u00e9t\u00e9 restitu\u00e9 dans le R\u00e8glement int\u00e9rieur.<\/p>\n\n\n\n<p> \u00abCes pr\u00e9rogatives ont \u00e9t\u00e9 enlev\u00e9es, mais la mani\u00e8re dont elles \u00e9taient restitu\u00e9es n\u2019\u00e9tait pas conforme \u00e0 la loi. Cependant aujourd\u2019hui, \u00e7a a \u00e9t\u00e9 restitu\u00e9 selon la proc\u00e9dure de l\u2019Assembl\u00e9e nationale. Il pourra passer par le Bureau, la Conf\u00e9rence des pr\u00e9sidents, la Commission, avant de venir \u00e0 la s\u00e9ance pl\u00e9ni\u00e8re\u00bb, indique Ayib Daff\u00e9. <\/p>\n\n\n\n<p>Ainsi, il esp\u00e8re que cette d\u00e9marche \u00absera renforc\u00e9e et inscrite dans une dynamique qui permettrait aux S\u00e9n\u00e9galais d\u2019avoir une Assembl\u00e9e nationale conforme \u00e0 leurs v\u0153ux et \u00e0 leurs aspirations.<\/p>\n\n\n\n<p> Qu\u2019elle ne soit pas simplement une salle de spectacle, de \u00abone man show\u00bb, mais qu\u2019elle d\u00e9lib\u00e8re sur les probl\u00e8mes des S\u00e9n\u00e9galais, qu\u2019on y fasse des critiques constructives\u00bb.<\/p>\n\n\n\n<p>D\u2019apr\u00e8s son coll\u00e8gue du parti Pastef, Amadou B\u00e2, \u00abl\u2019Assembl\u00e9e nationale vient de confirmer que le Premier ministre avait bel et bien raison, et qu\u2019il y avait urgence \u00e0 r\u00e9actualiser le R\u00e8glement int\u00e9rieur pour se conformer \u00e0 la Constitution\u00bb. Selon B\u00e2, les dispositions concernant le Pm ont \u00e9t\u00e9 r\u00e9tablies. <\/p>\n\n\n\n<p>Mais, \u00abil reste maintenant au Conseil constitutionnel de se prononcer, parce que c\u2019est une loi organique et forc\u00e9ment le Conseil doit l\u2019examiner\u00bb, fait remarquer le d\u00e9put\u00e9.A ce propos, pr\u00e9cise Ayib Daff\u00e9, \u00abon vient juste d\u2019adopter la loi \u00e0 l\u2019Assembl\u00e9e nationale, mais elle n\u2019est pas encore entr\u00e9e en vigueur\u00bb. <\/p>\n\n\n\n<p>Car, pour lui, il y a le Conseil constitutionnel qui doit voir si cette loi organique est conforme \u00e0 la Constitution. \u00abCette loi doit \u00eatre amen\u00e9e au Conseil constitutionnel, qui regarde la conformit\u00e9, avant la promulgation par le chef de l\u2019Etat. <\/p>\n\n\n\n<p>C\u2019est un aboutissement. Et nous y sommes arriv\u00e9s avec nos coll\u00e8gues de Benno bokk yaakaar et non-inscrits, qui sont unanimes pour dire que le R\u00e8glement int\u00e9rieur doit \u00eatre r\u00e9vis\u00e9\u00bb, se f\u00e9licite-t-il.   <\/p>\n\n\n\n<p> M\u00eame s\u2019ils se r\u00e9jouissent de cette d\u00e9cision, les d\u00e9put\u00e9s du camp pr\u00e9sidentiel ne sont pas enti\u00e8rement satisfaits. Pour Amadou B\u00e2, la proc\u00e9dure qui a \u00e9t\u00e9 suivie n\u2019a pas permis d\u2019op\u00e9rer une r\u00e9forme de fond du R\u00e8glement int\u00e9rieur.<\/p>\n\n\n\n<p> \u00ab\u00c7a a \u00e9t\u00e9 fait selon une proc\u00e9dure d\u2019urgence. On a remarqu\u00e9 qu\u2019au cours des d\u00e9bats, il y avait beaucoup d\u2019affaires. Toutes ces incoh\u00e9rences dans le R\u00e8glement int\u00e9rieur n\u2019ont pas pu \u00eatre discut\u00e9es. Il faudra n\u00e9cessairement attendre une prochaine l\u00e9gislature pour mettre \u00e0 niveau ce R\u00e8glement int\u00e9rieur afin que l\u2019Assembl\u00e9e nationale soit un v\u00e9ritable acteur de la d\u00e9mocratie et op\u00e9rer un v\u00e9ritable r\u00e9\u00e9quilibrage des pouvoirs\u00bb, dit-il.<\/p>\n\n\n\n<p>En attendant de voir Ousmane Sonko devant les d\u00e9put\u00e9s pour la Dpg, beaucoup d\u2019obstacles se dressent encore sur son chemin si l\u2019on en croit le d\u00e9put\u00e9 Amadou B\u00e2. \u00abIl y a aussi l\u2019ouverture de la prochaine session, qui est en cours. <\/p>\n\n\n\n<p>Normalement, si l\u2019urgence n\u2019est pas d\u00e9clar\u00e9e, le Conseil a 30 jours. On est d\u00e9j\u00e0 au mois d\u2019ao\u00fbt, le temps que ces documents soient transmis au pr\u00e9sident de la R\u00e9publique et examen du Conseil constitutionnel, on est au minimum \u00e0 45 jours. <\/p>\n\n\n\n<p>Tous ces \u00e9l\u00e9ments doivent \u00eatre pris en consid\u00e9ration avant que le Pm ne puisse venir \u00e0 l\u2019Assembl\u00e9e nationale pour faire sa D\u00e9claration de politique g\u00e9n\u00e9rale.<\/p>\n\n\n\n<p>Une fois l\u2019Assembl\u00e9e dissoute, le Pm en aura l\u2019occasion \u00e0 nouveau. On ne sait pas d\u2019ici l\u00e0 ce qui pourrait se passer. Le d\u00e9lai l\u00e9gal est que la r\u00e9forme soit adress\u00e9e au Conseil constitutionnel qui, si l\u2019urgence n\u2019est pas d\u00e9clar\u00e9e, aura 30 jours. Ensuite, il y a le d\u00e9lai de promulgation. Voil\u00e0 \u00e0 ce stade ce qu\u2019on peut dire de ce R\u00e8glement int\u00e9rieur. <\/p>\n\n\n\n<p>Quid de la D\u00e9claration de politique g\u00e9n\u00e9rale ? <\/p>\n\n\n\n<p>Le Pm s\u2019y \u00e9tait engag\u00e9. Maintenant, on verra, apr\u00e8s le 12 septembre, la d\u00e9cision du pr\u00e9sident de la R\u00e9publique sur la dissolution. Et peut-\u00eatre, l\u2019\u00e9ventualit\u00e9 de la Dpg pourra \u00eatre s\u00e9rieusement envisag\u00e9e\u00bb, dit-il.<\/p>\n\n\n\n<p>justin@lequotidien.sn <\/p>\n\n\n\n<p><\/p>\n","protected":false},"excerpt":{"rendered":"<p>A l\u2019exception de Cheikh Abdou Mback\u00e9 Bara Dolli, qui a vot\u00e9 contre, l\u2019Assembl\u00e9e nationale a adopt\u00e9 hier la proposition de<\/p>\n","protected":false},"author":1,"featured_media":38752,"comment_status":"open","ping_status":"open","sticky":false,"template":"","format":"standard","meta":{"footnotes":""},"categories":[6],"tags":[],"class_list":["post-40359","post","type-post","status-publish","format-standard","has-post-thumbnail","hentry","category-politics"],"_links":{"self":[{"href":"https:\/\/dekkbi.com\/index.php?rest_route=\/wp\/v2\/posts\/40359","targetHints":{"allow":["GET"]}}],"collection":[{"href":"https:\/\/dekkbi.com\/index.php?rest_route=\/wp\/v2\/posts"}],"about":[{"href":"https:\/\/dekkbi.com\/index.php?rest_route=\/wp\/v2\/types\/post"}],"author":[{"embeddable":true,"href":"https:\/\/dekkbi.com\/index.php?rest_route=\/wp\/v2\/users\/1"}],"replies":[{"embeddable":true,"href":"https:\/\/dekkbi.com\/index.php?rest_route=%2Fwp%2Fv2%2Fcomments&post=40359"}],"version-history":[{"count":1,"href":"https:\/\/dekkbi.com\/index.php?rest_route=\/wp\/v2\/posts\/40359\/revisions"}],"predecessor-version":[{"id":40360,"href":"https:\/\/dekkbi.com\/index.php?rest_route=\/wp\/v2\/posts\/40359\/revisions\/40360"}],"wp:featuredmedia":[{"embeddable":true,"href":"https:\/\/dekkbi.com\/index.php?rest_route=\/wp\/v2\/media\/38752"}],"wp:attachment":[{"href":"https:\/\/dekkbi.com\/index.php?rest_route=%2Fwp%2Fv2%2Fmedia&parent=40359"}],"wp:term":[{"taxonomy":"category","embeddable":true,"href":"https:\/\/dekkbi.com\/index.php?rest_route=%2Fwp%2Fv2%2Fcategories&post=40359"},{"taxonomy":"post_tag","embeddable":true,"href":"https:\/\/dekkbi.com\/index.php?rest_route=%2Fwp%2Fv2%2Ftags&post=40359"}],"curies":[{"name":"wp","href":"https:\/\/api.w.org\/{rel}","templated":true}]}}