{"id":40356,"date":"2024-08-17T16:50:38","date_gmt":"2024-08-17T16:50:38","guid":{"rendered":"https:\/\/dekkbi.com\/?p=40356"},"modified":"2024-08-17T16:52:49","modified_gmt":"2024-08-17T16:52:49","slug":"appui-et-developpement-de-la-presse-debat-de-fonds","status":"publish","type":"post","link":"https:\/\/dekkbi.com\/?p=40356","title":{"rendered":"Appui et d\u00e9veloppement de la presse: D\u00c9BAT DE FONDS"},"content":{"rendered":"\n<p>Le ministre de la Communication, des t\u00e9l\u00e9communications et du num\u00e9rique a affirm\u00e9 hier qu\u2019il faut restructurer les entreprises de presse afin de les rendre plus autonomes et viables. <\/p>\n\n\n\n<p>Alioune Sall, qui invite le patronat et les syndicats \u00e0 venir autour de la table pour trouver des solutions, a lev\u00e9 le voile sur la dette fiscale des entreprises de presse au c\u0153ur d\u2019un bras de fer entre l\u2019Etat et le patronat. <\/p>\n\n\n\n<p>Mais sur cette question, Alioune Sall estime que le sujet rel\u00e8ve principalement du minist\u00e8re des Finances, tout en pr\u00e9cisant \u00e9galement que l\u2019Etat ne privil\u00e9giera aucun secteur au d\u00e9triment d\u2019un autre.<\/p>\n\n\n\n<p>Par Ousmane SOW \u2013 La dette fiscale des entreprises de presse est au c\u0153ur du bras de fer entre l\u2019organisation patronale des m\u00e9dias et le gouvernement. <\/p>\n\n\n\n<p>Hier, dans le cadre d\u2019un point de presse, le ministre la Communication, des t\u00e9l\u00e9communications et du num\u00e9rique, Alioune Sall, a apport\u00e9 des clarifications sur la situation de cette ardoise. <\/p>\n\n\n\n<p>Dans son expos\u00e9, il a r\u00e9v\u00e9l\u00e9 la liste des principaux d\u00e9tenteurs de cette dette. Et le Groupe Futurs M\u00e9dias (Gfm), qui d\u00e9tient 40% de la dette fiscale des entreprises de presse, occupe la premi\u00e8re place de ce classement, suivi de la Radiodiffusion t\u00e9l\u00e9vision s\u00e9n\u00e9galaise avec 28%, du Groupe D-M\u00e9dia avec 11% et d\u2019Afrimedia avec 6%. <\/p>\n\n\n\n<p>Alioune Sall a d\u00e9menti les all\u00e9gations selon lesquelles les m\u00e9dias publics seraient plus endett\u00e9s que les m\u00e9dias priv\u00e9s. \u00abJusqu\u2019\u00e0 preuve du contraire, ce n\u2019est pas la r\u00e9alit\u00e9\u00bb, a-t-il martel\u00e9.<\/p>\n\n\n\n<p>S\u2019agissant du Fonds d\u2019appui et de d\u00e9veloppement de la presse (Fadp), il indique qu\u2019en 2023, 227 entreprises de presse et 169 radios communautaires ont eu acc\u00e8s \u00e0 l\u2019aide \u00e0 la presse.<\/p>\n\n\n\n<p> L\u00e0 encore, c\u2019est le Groupe Futurs M\u00e9dias qui tr\u00f4ne en t\u00eate du classement pour avoir per\u00e7u, entre 2022 et 2023, un cumul de 162 millions de francs Cfa, suivi d\u2019E-Media avec 113 millions, D-M\u00e9dia avec 97 millions, Walf avec 90 millions et 3M Universel (7Tv et AZactu) pour 75 millions. Le top 10 est compl\u00e9t\u00e9 par Africome (Sunu Lamb-Stades) avec 60 millions, le Groupe Sud Communication avec 57 millions, Seneweb 51 millions, Dakaractu 48 millions et Leral 41 millions.<\/p>\n\n\n\n<p>\u00abPlus de 800 millions n\u2019ont pas \u00e9t\u00e9 attribu\u00e9s \u00e0 la presse\u00bbLe budget allou\u00e9 au Fonds d\u2019appui et de d\u00e9veloppement de la presse (Fadp) a connu une importante \u00e9volution. <\/p>\n\n\n\n<p>En effet, \u00abport\u00e9 \u00e0 partir de 2012 \u00e0 700 millions de francs Cfa, le budget est pass\u00e9 \u00e0 1 milliard 400 millions de francs Cfa en 2022 et \u00e0 1 milliard 900 millions en 2023\u00bb. <\/p>\n\n\n\n<p>Seulement, selon l\u2019expos\u00e9 du minist\u00e8re de la Communication, une certaine opacit\u00e9 entoure la distribution des ressources puisque sur le tableau r\u00e9capitulatif des aides allou\u00e9es par m\u00e9dia en 2023, 1 milliard 555 millions a \u00e9t\u00e9 attribu\u00e9 \u00e0 des m\u00e9dias cat\u00e9goris\u00e9s \u00abautres\u00bb, sans aucune pr\u00e9cision des noms des organes b\u00e9n\u00e9ficiaires. <\/p>\n\n\n\n<p>Par ailleurs, il a \u00e9t\u00e9 constat\u00e9, dans le cadre d\u2019un audit de l\u2019Ige en cours, que \u00abplus de 800 millions de francs Cfa n\u2019ont pas \u00e9t\u00e9 attribu\u00e9s \u00e0 la presse\u00bb, a d\u00e9plor\u00e9 le ministre Alioune Sall, qui a appel\u00e9 \u00e0 une meilleure transparence dans la gestion des fonds publics, tout en promettant que l\u2019Inspection g\u00e9n\u00e9rale d\u2019Etat (Ige) m\u00e8nera les v\u00e9rifications n\u00e9cessaires pour faire la lumi\u00e8re sur cette situation.<\/p>\n\n\n\n<p>Mauvaises conditions des reporters<\/p>\n\n\n\n<p>Lors de son intervention, le ministre de la Communication, des t\u00e9l\u00e9communications et du num\u00e9rique a d\u00e9plor\u00e9 les difficiles conditions de travail des jeunes reporters, soulignant la n\u00e9cessit\u00e9 de mettre en place un nouveau mod\u00e8le leur permettant de travailler dans de meilleures conditions. <\/p>\n\n\n\n<p>Il rappelle \u00e9galement qu\u2019avec le Pr\u00e9sident Bassirou Diomaye Faye, il a re\u00e7u, au Palais, la Convention des jeunes reporters du S\u00e9n\u00e9gal (Cjrs).<\/p>\n\n\n\n<p>Et il est important de faire un focus sur ce rapport parce que, si on parle d\u2019entreprise de presse, ce ne sont pas forc\u00e9ment les patrons de presse, mais c\u2019est un tout un ensemble. <\/p>\n\n\n\n<p>Et dans ce rapport, 62% des travailleurs n\u2019ont pas de contrat. Cela, honn\u00eatement, aurait m\u00e9rit\u00e9 un mois sans presse. <\/p>\n\n\n\n<p>De plus, si on nous dit \u00e9galement que parmi ces travailleurs-l\u00e0, pratiquement les 86% n\u2019ont pas de couverture maladie, ce qui signifie que lorsqu\u2019ils sont malades, ils ne peuvent pas se soigner, je pense que \u00e7a aurait m\u00e9rit\u00e9 un an sans presse\u00bb, se d\u00e9sole le ministre, annon\u00e7ant que la loi sur l\u2019acc\u00e8s \u00e0 l\u2019information et celle sur la publicit\u00e9 sont en cours de finalisation.Appel au dialogue<\/p>\n\n\n\n<p>Les ambitions de Alioune Sall pour le secteur de la presse sont claires. Et il se dit dispos\u00e9 \u00e0 dialoguer avec les diff\u00e9rents acteurs du secteur pour aborder les probl\u00e8mes qui secouent la presse s\u00e9n\u00e9galaise. <\/p>\n\n\n\n<p>\u00abIl y a pour moi un besoin de restructurer les entreprises de presse afin de les rendre plus autonomes et viables. Il y a le besoin de stimuler la cr\u00e9ation de richesse par le d\u00e9veloppement de la production audiovisuelle et des contenus m\u00e9dias afin de cr\u00e9er de l\u2019emploi. <\/p>\n\n\n\n<p>Mais, il y a le besoin aussi d\u2019appropriation des contenus respectueux de nos valeurs socio-culturelles\u00bb, indique Alioune Sall. A l\u2019en croire, aujourd\u2019hui, il est difficile, pour ne pas dire impossible, de reconna\u00eetre le vrai journaliste du faux. <\/p>\n\n\n\n<p>\u00abAujourd\u2019hui, on a du mal \u00e0 distinguer les vrais m\u00e9dias des faux, les vrais journalistes des faux. Ce ne sont pas mes propos, ce sont les journalistes eux-m\u00eames qui me l\u2019ont dit\u00bb, a-t-il dit aux acteurs des m\u00e9dias<\/p>\n\n\n\n<p>Et de ce point de vue, lance-t-il, \u00abj\u2019invite ce secteur, \u00e0 travers le patronat, les syndicats, \u00e0 venir autour de la table, s\u2019ils veulent dialoguer pour trouver des solutions. <\/p>\n\n\n\n<p>Nous sommes pr\u00eats \u00e0 les \u00e9couter, nous sommes pr\u00eats \u00e0 les accompagner, mais il faut que \u00e7a se fasse dans le respect et avec responsabilit\u00e9. Quelles que soient les probl\u00e9matiques, nos portes sont ouvertes\u00bb. <\/p>\n\n\n\n<p>Mais, pr\u00e9cise le ministre de la Communication, des t\u00e9l\u00e9communications et du num\u00e9rique : \u00abJe le dis encore et le r\u00e9p\u00e8te : l\u2019Etat du S\u00e9n\u00e9gal, \u00e0 travers le minist\u00e8re de la Communication, n\u2019a aucun probl\u00e8me avec les entreprises de m\u00e9dias au S\u00e9n\u00e9gal.<\/p>\n\n\n\n<p> Je veux que \u00e7a soit clair, l\u2019Etat du S\u00e9n\u00e9gal n\u2019a pas de probl\u00e8mes avec le secteur de la presse.\u00bb Et d\u2019ajouter : \u00abOn ne peut pas dire que l\u2019Etat n\u2019a pas fait ceci ou cela, alors qu\u2019on sait que le n\u0153ud du probl\u00e8me n\u2019est pas li\u00e9 au secteur de la communication. <\/p>\n\n\n\n<p>On parle quand m\u00eame d\u2019un secteur qui a un probl\u00e8me avec le fisc, \u00e7a n\u2019a rien \u00e0 voir avec la communication.\u00bb Et par rapport \u00e0 la dette fiscale des entreprises de presse, Alioune Sall estime que ce sujet rel\u00e8ve principalement du minist\u00e8re des Finances, pr\u00e9cisant \u00e9galement que l\u2019Etat ne privil\u00e9giera aucun secteur au d\u00e9triment d\u2019un autre. <\/p>\n\n\n\n<p>\u00abNous sommes tous soumis aux m\u00eames lois et r\u00e8glements. J\u2019ai toujours dit \u00e0 qui veut l\u2019entendre, qu\u2019il n\u2019y aura pas un traitement de faveur pour le secteur de la presse au d\u00e9triment des autres secteurs. Tous les secteurs sont d\u2019\u00e9gale dignit\u00e9\u00bb, a-t-il fait savoir.<\/p>\n\n\n\n<p>LEQUOTIDIEN<\/p>\n","protected":false},"excerpt":{"rendered":"<p>Le ministre de la Communication, des t\u00e9l\u00e9communications et du num\u00e9rique a affirm\u00e9 hier qu\u2019il faut restructurer les entreprises de presse<\/p>\n","protected":false},"author":1,"featured_media":39987,"comment_status":"open","ping_status":"open","sticky":false,"template":"","format":"standard","meta":{"footnotes":""},"categories":[6],"tags":[],"class_list":["post-40356","post","type-post","status-publish","format-standard","has-post-thumbnail","hentry","category-politics"],"_links":{"self":[{"href":"https:\/\/dekkbi.com\/index.php?rest_route=\/wp\/v2\/posts\/40356","targetHints":{"allow":["GET"]}}],"collection":[{"href":"https:\/\/dekkbi.com\/index.php?rest_route=\/wp\/v2\/posts"}],"about":[{"href":"https:\/\/dekkbi.com\/index.php?rest_route=\/wp\/v2\/types\/post"}],"author":[{"embeddable":true,"href":"https:\/\/dekkbi.com\/index.php?rest_route=\/wp\/v2\/users\/1"}],"replies":[{"embeddable":true,"href":"https:\/\/dekkbi.com\/index.php?rest_route=%2Fwp%2Fv2%2Fcomments&post=40356"}],"version-history":[{"count":1,"href":"https:\/\/dekkbi.com\/index.php?rest_route=\/wp\/v2\/posts\/40356\/revisions"}],"predecessor-version":[{"id":40357,"href":"https:\/\/dekkbi.com\/index.php?rest_route=\/wp\/v2\/posts\/40356\/revisions\/40357"}],"wp:featuredmedia":[{"embeddable":true,"href":"https:\/\/dekkbi.com\/index.php?rest_route=\/wp\/v2\/media\/39987"}],"wp:attachment":[{"href":"https:\/\/dekkbi.com\/index.php?rest_route=%2Fwp%2Fv2%2Fmedia&parent=40356"}],"wp:term":[{"taxonomy":"category","embeddable":true,"href":"https:\/\/dekkbi.com\/index.php?rest_route=%2Fwp%2Fv2%2Fcategories&post=40356"},{"taxonomy":"post_tag","embeddable":true,"href":"https:\/\/dekkbi.com\/index.php?rest_route=%2Fwp%2Fv2%2Ftags&post=40356"}],"curies":[{"name":"wp","href":"https:\/\/api.w.org\/{rel}","templated":true}]}}