{"id":40350,"date":"2024-08-17T16:37:29","date_gmt":"2024-08-17T16:37:29","guid":{"rendered":"https:\/\/dekkbi.com\/?p=40350"},"modified":"2024-08-17T16:37:30","modified_gmt":"2024-08-17T16:37:30","slug":"le-directeur-sortant-de-lena-met-le-feu-a-la-primature-jai-ete-renvoye-a-cause-des-humeurs-dune-personne-nommee-irregulierement","status":"publish","type":"post","link":"https:\/\/dekkbi.com\/?p=40350","title":{"rendered":"Le directeur sortant de l\u2019Ena met le feu \u00e0 la Primature \u00abJ\u2019ai \u00e9t\u00e9 renvoy\u00e9 \u00e0 cause des humeurs d\u2019une personne nomm\u00e9e irr\u00e9guli\u00e8rement\u00bb"},"content":{"rendered":"\n<p>Les murs de l\u2019Ecole nationale d\u2019administration (Ena) ont trembl\u00e9 ce vendredi lors de la passation de service du directeur. <\/p>\n\n\n\n<p>C\u2019\u00e9tait connu que Mouhamadou Lamine Diallo, le sortant, n\u2019\u00e9tait pas en odeur de saintet\u00e9 avec sa tutelle, la Primature. Et hier, apr\u00e8s avoir pass\u00e9 le t\u00e9moin \u00e0 son successeur, Mor Fall, il a d\u00e9vers\u00e9 sa bile sur les services de Ousmane Sonko.<\/p>\n\n\n\n<p> \u00abC\u2019est vrai que je n\u2019ai fait que 7 \u00e0 8 mois \u00e0 la t\u00eate de l\u2019Ena. Ce n\u2019est pas \u00e0 moi d\u2019\u00e9valuer, mais aux gens avec qui j\u2019ai chemin\u00e9. On ne me dit pas que je suis incomp\u00e9tent, que je n\u2019ai pas bien travaill\u00e9, mais on me renvoie \u00e0 cause des humeurs d\u2019une personne nomm\u00e9e irr\u00e9guli\u00e8rement \u00e0 un poste qu\u2019il ne doit pas occuper, en violation de l\u2019article 4 du d\u00e9cret portant organisation de la Primature, qui ne comprend rien du fonctionnement de l\u2019administration.<\/p>\n\n\n\n<p> C\u2019est \u00e7a l\u2019enseignement qu\u2019il faut en tirer, c\u2019est \u00e7a qui est grave\u00bb, a dit M. Diallo, relate Bes Bi.En r\u00e9alit\u00e9, Le Quotidien avait \u00e9crit il y a quelques jours que l\u2019homme avait eu des \u00e9changes houleux avec le Secr\u00e9taire g\u00e9n\u00e9ral du gouvernement, Ahmadou Al Aminou L\u00f4.<\/p>\n\n\n\n<p>Nd\u00e8ye Fatou K\u00e9b\u00e9<\/p>\n\n\n\n<p>LERAL<\/p>\n\n\n\n<p><\/p>\n","protected":false},"excerpt":{"rendered":"<p>Les murs de l\u2019Ecole nationale d\u2019administration (Ena) ont trembl\u00e9 ce vendredi lors de la passation de service du directeur. C\u2019\u00e9tait<\/p>\n","protected":false},"author":1,"featured_media":40351,"comment_status":"open","ping_status":"open","sticky":false,"template":"","format":"standard","meta":{"footnotes":""},"categories":[21],"tags":[],"class_list":["post-40350","post","type-post","status-publish","format-standard","has-post-thumbnail","hentry","category-societe"],"_links":{"self":[{"href":"https:\/\/dekkbi.com\/index.php?rest_route=\/wp\/v2\/posts\/40350","targetHints":{"allow":["GET"]}}],"collection":[{"href":"https:\/\/dekkbi.com\/index.php?rest_route=\/wp\/v2\/posts"}],"about":[{"href":"https:\/\/dekkbi.com\/index.php?rest_route=\/wp\/v2\/types\/post"}],"author":[{"embeddable":true,"href":"https:\/\/dekkbi.com\/index.php?rest_route=\/wp\/v2\/users\/1"}],"replies":[{"embeddable":true,"href":"https:\/\/dekkbi.com\/index.php?rest_route=%2Fwp%2Fv2%2Fcomments&post=40350"}],"version-history":[{"count":1,"href":"https:\/\/dekkbi.com\/index.php?rest_route=\/wp\/v2\/posts\/40350\/revisions"}],"predecessor-version":[{"id":40352,"href":"https:\/\/dekkbi.com\/index.php?rest_route=\/wp\/v2\/posts\/40350\/revisions\/40352"}],"wp:featuredmedia":[{"embeddable":true,"href":"https:\/\/dekkbi.com\/index.php?rest_route=\/wp\/v2\/media\/40351"}],"wp:attachment":[{"href":"https:\/\/dekkbi.com\/index.php?rest_route=%2Fwp%2Fv2%2Fmedia&parent=40350"}],"wp:term":[{"taxonomy":"category","embeddable":true,"href":"https:\/\/dekkbi.com\/index.php?rest_route=%2Fwp%2Fv2%2Fcategories&post=40350"},{"taxonomy":"post_tag","embeddable":true,"href":"https:\/\/dekkbi.com\/index.php?rest_route=%2Fwp%2Fv2%2Ftags&post=40350"}],"curies":[{"name":"wp","href":"https:\/\/api.w.org\/{rel}","templated":true}]}}