{"id":40256,"date":"2024-08-16T12:06:16","date_gmt":"2024-08-16T12:06:16","guid":{"rendered":"https:\/\/dekkbi.com\/?p=40256"},"modified":"2024-08-16T14:26:38","modified_gmt":"2024-08-16T14:26:38","slug":"un-an-apres-mahamadou-issoufou-condamne-le-putsch-au-niger","status":"publish","type":"post","link":"https:\/\/dekkbi.com\/?p=40256","title":{"rendered":"Un an apr\u00e8s, l\u2019ancien pr\u00e9sident Mahamadou Issoufou condamne le putsch au Niger"},"content":{"rendered":"\n<p>Le 26 juillet 2023, Mohamed Bazoum a \u00e9t\u00e9 renvers\u00e9 par un coup d&rsquo;\u00c9tat qui s\u2019est sold\u00e9 par l\u2019av\u00e8nement des militaires au pouvoir. Depuis, l\u2019ancien pr\u00e9sident d\u00e9chu et d\u2019autres personnalit\u00e9s de son r\u00e9gime, ont \u00e9t\u00e9 faits prisonniers. Un an plus tard, Mahamadou Issoufou, son pr\u00e9d\u00e9cesseur, publie une lettre condamnant le putsch.<a target=\"_blank\" rel=\"noreferrer noopener\"><\/a><\/p>\n\n\n\n<p>Une lettre qui fait suite \u00e0 la pression de la fondation Mo Ibrahim, qui lui a d\u00e9cern\u00e9 le prix de la gouvernance en 2020 et qui lui a demand\u00e9 de clarifier sa position sur ce putsch. L\u2019ancien pr\u00e9sident estime qu\u2019il avait d\u00e9j\u00e0, dans un tweet, condamn\u00e9 ce coup d\u2019Etat.<\/p>\n\n\n\n<p>Kag Sanoussi, pr\u00e9sident de l&rsquo;Institut International de gestion des conflits, s\u2019interroge sur la plus-value de cette demande qui intervient un an apr\u00e8s le putsch. Il dit esp\u00e9rer que cela contribuera \u00e0 la stabilisation du Niger.<\/p>\n\n\n\n<p>\u00ab\u00a0La seule chose qui marche selon notre point de vue, ce sont tous les travaux en termes de m\u00e9diation. Nous avons compris que la force n\u2019apporte pas la r\u00e9ponse. Nous avons un coup d\u2019\u00e9tat qui est constat\u00e9 aujourd\u2019hui, cela va faire un an que le pr\u00e9sident Bazoum n\u2019est plus aux affaires, il y a d\u2019autres autorit\u00e9s, et donc, c\u2019est le travail de la m\u00e9diation qui fait en sorte qu\u2019on essaye de rapprocher les points de vue pour permettre d\u2019une part qu\u2019on puisse lib\u00e9rer les prisonniers et d\u2019autres pour que le Niger retrouve sa stabilit\u00e9\u00a0\u00bb, pr\u00e9cise l\u2019analyste.<\/p>\n\n\n\n<p>Pour lui, \u00ab\u00a0si cette demande va permettre de mettre de l\u2019huile dans les rouages pour faire en sorte que la question de la m\u00e9diation puisse progresser c\u2019est une bonne chose. Mais nous avons aujourd\u2019hui l\u2019actualit\u00e9 qui fait que l&rsquo;\u00c9tat nig\u00e9rien avance par rapport \u00e0 ses projets, mais nous savons que le dialogue est le chemin par lequel on obtient des solutions durables\u00a0\u00bb.<\/p>\n\n\n\n<p>Les limites du prix Mo Ibrahim<\/p>\n\n\n\n<p>Tidiane Dioh est consultant international. Il place le curseur sur l\u2019essence m\u00eame de ce prix d\u00e9cern\u00e9 par la Fondation Mo Ibrahim qui octroie des prix auxchefs d&rsquo;\u00c9tat africains qui ont accept\u00e9 l\u2019alternance d\u00e9mocratique.<\/p>\n\n\n\n<p>\u00ab\u00a0Finalement, ce prix, peut-\u00eatre qu\u2019il juge trop vite l\u2019action politique des gens. Or, un homme politique, surtout un homme politique au long cours, il faut le juger une fois qu\u2019il est sorti de sa fonction et lui donner un ou deux ans de r\u00e9pit. En tout cas, beaucoup de Nig\u00e9riens consid\u00e8rent que son r\u00f4le celui du pr\u00e9sident Issoufou n\u2019a pas \u00e9t\u00e9 tr\u00e8s clair\u00a0\u00bb, souligne Tidiane Dioh.<a href=\"https:\/\/www.zemanta.com\/privacy\/\" target=\"_blank\" rel=\"noreferrer noopener\"><\/a><\/p>\n\n\n\n<p>\u00ab\u00a0Il faudra probablement attendre la sortie du pr\u00e9sident Bazoum pour qu\u2019il dise r\u00e9ellement ce que lui en tant que chef d\u2019\u00e9tat et surtout en tant que quelqu\u2019un qui a \u00e9t\u00e9 tr\u00e8s proche du pr\u00e9sident Issoufou, voir m\u00eame son dauphin comment il a v\u00e9cu le r\u00f4le du pr\u00e9sident Issoufou pendant ces \u00e9v\u00e8nements et un peu avant ces \u00e9v\u00e8nements.\u00a0\u00bb<\/p>\n\n\n\n<p>Dans sa lettre \u00e0 la fondation Mo Ibrahim, Mahamadou Issoufou rappelle que son fils, l\u2019ancien ministre du P\u00e9trole, est \u00e9galement d\u00e9tenu par les militaires. Une d\u00e9tention interpr\u00e9t\u00e9e par certains Nig\u00e9riens comme une fa\u00e7on pour les militaires de faire taire les sp\u00e9culations quant \u00e0 leur proximit\u00e9 avec Mahamadou Issoufou.<\/p>\n\n\n\n<p>Auteur: Wendy Bashi<\/p>\n","protected":false},"excerpt":{"rendered":"<p>Le 26 juillet 2023, Mohamed Bazoum a \u00e9t\u00e9 renvers\u00e9 par un coup d&rsquo;\u00c9tat qui s\u2019est sold\u00e9 par l\u2019av\u00e8nement des militaires<\/p>\n","protected":false},"author":1,"featured_media":19238,"comment_status":"open","ping_status":"open","sticky":false,"template":"","format":"standard","meta":{"footnotes":""},"categories":[51],"tags":[],"class_list":["post-40256","post","type-post","status-publish","format-standard","has-post-thumbnail","hentry","category-general"],"_links":{"self":[{"href":"https:\/\/dekkbi.com\/index.php?rest_route=\/wp\/v2\/posts\/40256","targetHints":{"allow":["GET"]}}],"collection":[{"href":"https:\/\/dekkbi.com\/index.php?rest_route=\/wp\/v2\/posts"}],"about":[{"href":"https:\/\/dekkbi.com\/index.php?rest_route=\/wp\/v2\/types\/post"}],"author":[{"embeddable":true,"href":"https:\/\/dekkbi.com\/index.php?rest_route=\/wp\/v2\/users\/1"}],"replies":[{"embeddable":true,"href":"https:\/\/dekkbi.com\/index.php?rest_route=%2Fwp%2Fv2%2Fcomments&post=40256"}],"version-history":[{"count":2,"href":"https:\/\/dekkbi.com\/index.php?rest_route=\/wp\/v2\/posts\/40256\/revisions"}],"predecessor-version":[{"id":40324,"href":"https:\/\/dekkbi.com\/index.php?rest_route=\/wp\/v2\/posts\/40256\/revisions\/40324"}],"wp:featuredmedia":[{"embeddable":true,"href":"https:\/\/dekkbi.com\/index.php?rest_route=\/wp\/v2\/media\/19238"}],"wp:attachment":[{"href":"https:\/\/dekkbi.com\/index.php?rest_route=%2Fwp%2Fv2%2Fmedia&parent=40256"}],"wp:term":[{"taxonomy":"category","embeddable":true,"href":"https:\/\/dekkbi.com\/index.php?rest_route=%2Fwp%2Fv2%2Fcategories&post=40256"},{"taxonomy":"post_tag","embeddable":true,"href":"https:\/\/dekkbi.com\/index.php?rest_route=%2Fwp%2Fv2%2Ftags&post=40256"}],"curies":[{"name":"wp","href":"https:\/\/api.w.org\/{rel}","templated":true}]}}