{"id":40248,"date":"2024-08-15T14:45:59","date_gmt":"2024-08-15T14:45:59","guid":{"rendered":"https:\/\/dekkbi.com\/?p=40248"},"modified":"2024-08-15T14:46:00","modified_gmt":"2024-08-15T14:46:00","slug":"mafia-fonciere-a-rufisque-plus-de-13-000-emplois-en-danger-a-cause-de-transactions-illegales","status":"publish","type":"post","link":"https:\/\/dekkbi.com\/?p=40248","title":{"rendered":"Mafia fonci\u00e8re \u00e0 Rufisque : Plus de 13 000 emplois en danger \u00e0 cause de transactions ill\u00e9gales"},"content":{"rendered":"\n<h3 class=\"wp-block-heading\">Le Collectif des PME-PMI install\u00e9 dans la zone RUFSAC de Rufisque regroupe pr\u00e8s de deux cents (200) chefs de garage sp\u00e9cialis\u00e9s dans divers secteurs, dont la m\u00e9canique, la t\u00f4lerie, le transport, la manutention et le g\u00e9nie civil. Depuis 2002, ils occupent un site jouxtant l\u2019usine RUFSAC (une succursale de Sococim) \u00e0 l\u2019entr\u00e9e de Rufisque, site qu&rsquo;ils ont viabilis\u00e9 avec l&rsquo;autorisation de la mairie locale. Initialement, il leur avait \u00e9t\u00e9 indiqu\u00e9 que ce terrain \u00e9tait non immatricul\u00e9.<\/h3>\n\n\n\n<p>Selon Mor Lo, coordonnateur du collectif, il a \u00e9t\u00e9 r\u00e9v\u00e9l\u00e9 que le terrain appartenait \u00e0 un ressortissant fran\u00e7ais, Fran\u00e7ois Graziani, d\u00e9c\u00e9d\u00e9 en 1982, sans h\u00e9ritiers l\u00e9gaux.<\/p>\n\n\n\n<p> \u00ab\u00a0Apr\u00e8s avoir viabilis\u00e9 le site (terrains am\u00e9nag\u00e9s, terrassement, remblaiement), nous avons d\u00e9couvert que ce terrain appartenait \u00e0 Fran\u00e7ois Graziani, qui n&rsquo;a laiss\u00e9 aucun h\u00e9ritier\u00a0\u00bb, a-t-il d\u00e9clar\u00e9 lors d\u2019une conf\u00e9rence de presse, ce mercredi 14 ao\u00fbt 2024.<\/p>\n\n\n\n<p>M. Lo pr\u00e9cise que Graziani \u00e9tait titulaire des titres fonciers 128\/R, 678\/R, 725\/R, 729\/R, 767\/R et 599\/R. \u00ab\u00a0Ces titres doivent \u00eatre r\u00e9gularis\u00e9s par l\u2019\u00c9tat, notamment par un transfert de conservation au service des Domaines\u00a0\u00bb, ajoute-t-il.<\/p>\n\n\n\n<p>Depuis la viabilisation du site en 2002 jusqu\u2019en 2011, les chefs de garage ont travaill\u00e9 sans probl\u00e8me, employant environ 1500 jeunes, en plus des emplois g\u00e9n\u00e9r\u00e9s par les activit\u00e9s connexes telles que le commerce, la restauration, et d\u2019autres services.<\/p>\n\n\n\n<p> Aujourd\u2019hui, plus de 13 000 emplois sont menac\u00e9s en raison d&rsquo;une possible expulsion.\u00a0\u00bbDepuis 2011, nous faisons face \u00e0 la menace de d\u00e9guerpissement \u00e0 cause d&rsquo;une mafia de promoteurs et de fonctionnaires impliqu\u00e9s dans une sp\u00e9culation fonci\u00e8re. <\/p>\n\n\n\n<p>Une grande partie du terrain a \u00e9t\u00e9 transf\u00e9r\u00e9e dans des conditions douteuses. Actuellement, des entit\u00e9s telles que la BOA, le Port Autonome de Dakar, une famille s\u00e9n\u00e9galaise, et un ressortissant malaisien pr\u00e9tendent avoir des droits sur le site de 27 hectares\u00a0\u00bb, alerte M. Lo.<\/p>\n\n\n\n<p>Le coordonnateur souligne que les titres fonciers ont \u00e9t\u00e9 transf\u00e9r\u00e9s et r\u00e9-immatricul\u00e9s \u00e0 Pikine et Dakar Gor\u00e9e dans des conditions troubles. \u00ab\u00a0Nous sommes aujourd\u2019hui sous la menace de d\u00e9guerpissement \u00e0 cause de la convoitise d&rsquo;un lobby foncier et de la complicit\u00e9 manifeste de l&rsquo;Administration\u00a0\u00bb, d\u00e9clare-t-il.<\/p>\n\n\n\n<p>Il appelle le Pr\u00e9sident de la R\u00e9publique et le Premier Ministre \u00e0 intervenir, en soulignant que toutes les tentatives de trouver une solution juste aupr\u00e8s des services de l\u2019Administration Domaniale ont \u00e9chou\u00e9.<\/p>\n\n\n\n<p> \u00ab\u00a0Les documents cadastraux sont fauss\u00e9s, et nous demandons une v\u00e9rification approfondie de ces titres. Il s\u2019agit probablement de faux\u00a0\u00bb, affirme-t-il.<\/p>\n\n\n\n<p>Les chefs de garage et leurs employ\u00e9s pr\u00e9voient de lancer une campagne de sensibilisation aupr\u00e8s des d\u00e9cideurs et des leaders d\u2019opinion, tout en esp\u00e9rant une intervention gouvernementale pour pr\u00e9server leur outil de travail. <\/p>\n\n\n\n<p>\u00ab\u00a0Nous sommes ouverts \u00e0 toute solution juste, y compris l&rsquo;acquisition du site\u00a0\u00bb, conclut M. Lo.Birame Khary NdawMafia fonci\u00e8re \u00e0 Rufisque : Plus de 13 000 emplois en danger \u00e0 cause de transactions ill\u00e9gales<\/p>\n\n\n\n<p>SOURCE LERAL <\/p>\n\n\n\n<p><\/p>\n\n\n\n<p><\/p>\n","protected":false},"excerpt":{"rendered":"<p>Le Collectif des PME-PMI install\u00e9 dans la zone RUFSAC de Rufisque regroupe pr\u00e8s de deux cents (200) chefs de garage<\/p>\n","protected":false},"author":1,"featured_media":40249,"comment_status":"open","ping_status":"open","sticky":false,"template":"","format":"standard","meta":{"footnotes":""},"categories":[3],"tags":[],"class_list":["post-40248","post","type-post","status-publish","format-standard","has-post-thumbnail","hentry","category-event-more-news"],"_links":{"self":[{"href":"https:\/\/dekkbi.com\/index.php?rest_route=\/wp\/v2\/posts\/40248","targetHints":{"allow":["GET"]}}],"collection":[{"href":"https:\/\/dekkbi.com\/index.php?rest_route=\/wp\/v2\/posts"}],"about":[{"href":"https:\/\/dekkbi.com\/index.php?rest_route=\/wp\/v2\/types\/post"}],"author":[{"embeddable":true,"href":"https:\/\/dekkbi.com\/index.php?rest_route=\/wp\/v2\/users\/1"}],"replies":[{"embeddable":true,"href":"https:\/\/dekkbi.com\/index.php?rest_route=%2Fwp%2Fv2%2Fcomments&post=40248"}],"version-history":[{"count":1,"href":"https:\/\/dekkbi.com\/index.php?rest_route=\/wp\/v2\/posts\/40248\/revisions"}],"predecessor-version":[{"id":40250,"href":"https:\/\/dekkbi.com\/index.php?rest_route=\/wp\/v2\/posts\/40248\/revisions\/40250"}],"wp:featuredmedia":[{"embeddable":true,"href":"https:\/\/dekkbi.com\/index.php?rest_route=\/wp\/v2\/media\/40249"}],"wp:attachment":[{"href":"https:\/\/dekkbi.com\/index.php?rest_route=%2Fwp%2Fv2%2Fmedia&parent=40248"}],"wp:term":[{"taxonomy":"category","embeddable":true,"href":"https:\/\/dekkbi.com\/index.php?rest_route=%2Fwp%2Fv2%2Fcategories&post=40248"},{"taxonomy":"post_tag","embeddable":true,"href":"https:\/\/dekkbi.com\/index.php?rest_route=%2Fwp%2Fv2%2Ftags&post=40248"}],"curies":[{"name":"wp","href":"https:\/\/api.w.org\/{rel}","templated":true}]}}