{"id":40245,"date":"2024-08-15T14:40:58","date_gmt":"2024-08-15T14:40:58","guid":{"rendered":"https:\/\/dekkbi.com\/?p=40245"},"modified":"2024-08-15T14:49:08","modified_gmt":"2024-08-15T14:49:08","slug":"le-president-de-lautorite-palestinienne-mahmoud-abbas-va-se-rendre-a-gaza","status":"publish","type":"post","link":"https:\/\/dekkbi.com\/?p=40245","title":{"rendered":"Le pr\u00e9sident de l\u2019Autorit\u00e9 palestinienne Mahmoud Abbas va se rendre \u00e0 Gaza"},"content":{"rendered":"\n<p>Le pr\u00e9sident de l\u2019Autorit\u00e9 palestinienne Mahmoud Abbas a annonc\u00e9 jeudi devant le Parlement turc sa d\u00e9cision de se \u201crendre \u00e0 Gaza\u201d avec d\u2019autres dirigeants palestiniens.<\/p>\n\n\n\n<p>\u201cJ\u2019ai d\u00e9cid\u00e9 de me rendre \u00e0 Gaza avec d\u2019autres dirigeants fr\u00e8res palestiniens\u201d, a d\u00e9clar\u00e9 le pr\u00e9sident du Fatah devant les d\u00e9put\u00e9s turcs qui l\u2019ont acclam\u00e9 debout. Ce d\u00e9placement serait historique. <\/p>\n\n\n\n<p>Car le Fatah, la branche de l\u2019Autorit\u00e9 palestinienne qu\u2019incarne Mahmoud Abbas, n\u2019a plus le moindre contr\u00f4le sur Gaza depuis la guerre civile palestinienne de 2006-2007, v\u00e9ritablement termin\u00e9e en 2011 seulement.<\/p>\n\n\n\n<p>La victoire \u00e9lectorale du Hamas \u00e0 Gaza aux l\u00e9gislatives de 2006 avait entrain\u00e9 une scission irr\u00e9conciliable avec le Fatah qui, lui, restait majoritaire en Cisjordanie. <\/p>\n\n\n\n<p>Apr\u00e8s un conflit fratricide qui a fait entre 450 et 600 morts en comptant les civils, les deux territoires palestiniens discontinus ont de facto chacun eu leur gouvernement: Hamas \u00e0 Gaza, et Fatah en Cisjordanie, les deux se r\u00e9clamant de l\u2019Autorit\u00e9 palestinienne. <\/p>\n\n\n\n<p>Des deux c\u00f4t\u00e9s, les purges sont particuli\u00e8rement violentes.Reprise des n\u00e9gociations sur une tr\u00eave.<\/p>\n\n\n\n<p>Pendant ce temps, les discussions en vue d\u2019une tr\u00eave dans la bande de Gaza entre Isra\u00ebl et le mouvement islamiste palestinien Hamas ont d\u00e9but\u00e9 jeudi \u00e0 Doha, a affirm\u00e9 \u00e0 l\u2019AFP une source proche des discussions.<\/p>\n\n\n\n<p>La source n\u2019a pas indiqu\u00e9 qui participait \u00e0 ce nouveau cycle de n\u00e9gociations indirectes, qui se tient \u00e0 l\u2019appel des m\u00e9diateurs, Qatar, \u00c9tats-Unis, \u00c9gypte.<\/p>\n\n\n\n<p><\/p>\n","protected":false},"excerpt":{"rendered":"<p>Le pr\u00e9sident de l\u2019Autorit\u00e9 palestinienne Mahmoud Abbas a annonc\u00e9 jeudi devant le Parlement turc sa d\u00e9cision de se \u201crendre \u00e0<\/p>\n","protected":false},"author":1,"featured_media":40252,"comment_status":"open","ping_status":"open","sticky":false,"template":"","format":"standard","meta":{"footnotes":""},"categories":[6],"tags":[],"class_list":["post-40245","post","type-post","status-publish","format-standard","has-post-thumbnail","hentry","category-politics"],"_links":{"self":[{"href":"https:\/\/dekkbi.com\/index.php?rest_route=\/wp\/v2\/posts\/40245","targetHints":{"allow":["GET"]}}],"collection":[{"href":"https:\/\/dekkbi.com\/index.php?rest_route=\/wp\/v2\/posts"}],"about":[{"href":"https:\/\/dekkbi.com\/index.php?rest_route=\/wp\/v2\/types\/post"}],"author":[{"embeddable":true,"href":"https:\/\/dekkbi.com\/index.php?rest_route=\/wp\/v2\/users\/1"}],"replies":[{"embeddable":true,"href":"https:\/\/dekkbi.com\/index.php?rest_route=%2Fwp%2Fv2%2Fcomments&post=40245"}],"version-history":[{"count":1,"href":"https:\/\/dekkbi.com\/index.php?rest_route=\/wp\/v2\/posts\/40245\/revisions"}],"predecessor-version":[{"id":40247,"href":"https:\/\/dekkbi.com\/index.php?rest_route=\/wp\/v2\/posts\/40245\/revisions\/40247"}],"wp:featuredmedia":[{"embeddable":true,"href":"https:\/\/dekkbi.com\/index.php?rest_route=\/wp\/v2\/media\/40252"}],"wp:attachment":[{"href":"https:\/\/dekkbi.com\/index.php?rest_route=%2Fwp%2Fv2%2Fmedia&parent=40245"}],"wp:term":[{"taxonomy":"category","embeddable":true,"href":"https:\/\/dekkbi.com\/index.php?rest_route=%2Fwp%2Fv2%2Fcategories&post=40245"},{"taxonomy":"post_tag","embeddable":true,"href":"https:\/\/dekkbi.com\/index.php?rest_route=%2Fwp%2Fv2%2Ftags&post=40245"}],"curies":[{"name":"wp","href":"https:\/\/api.w.org\/{rel}","templated":true}]}}