{"id":40230,"date":"2024-08-15T13:45:57","date_gmt":"2024-08-15T13:45:57","guid":{"rendered":"https:\/\/dekkbi.com\/?p=40230"},"modified":"2024-08-15T13:45:58","modified_gmt":"2024-08-15T13:45:58","slug":"incroyable-atmosphere-magique-mbappe-aux-anges-apres-ses-grands-debuts-avec-le-real","status":"publish","type":"post","link":"https:\/\/dekkbi.com\/?p=40230","title":{"rendered":"\u201cIncroyable\u201d, \u201catmosph\u00e8re magique\u201d: Mbapp\u00e9 aux anges apr\u00e8s ses grands d\u00e9buts avec le Real."},"content":{"rendered":"\n<p>\u201cJ\u2019attendais ce moment depuis longtemps\u201d a r\u00e9agi mercredi l\u2019attaquant fran\u00e7ais Kylian Mbapp\u00e9 apr\u00e8s son premier but pour ses grands d\u00e9buts avec le Real Madrid en finale de la Supercoupe d\u2019Europe, remport\u00e9e 2-0 contre l\u2019Atalanta Bergame.<\/p>\n\n\n\n<p>\u201cCommencer par un titre, d\u00e9j\u00e0 juste jouer pour ce club, tout le monde sait ce que cela signifie pour moi. C\u2019est incroyable, l\u2019atmosph\u00e8re \u00e9tait magique. Qui dit Real Madrid dit titres, il faut gagner ici, donc premier match gagner un titre c\u2019est tr\u00e8s important. Pour un joueur comme moi \u00eatre d\u00e9cisif tout de suite \u00e7a marque, donc je suis tr\u00e8s content, m\u00eame s\u2019il y a toujours des choses \u00e0 am\u00e9liorer et j\u2019en suis conscient\u201d, a d\u00e9clar\u00e9 Mbapp\u00e9 au micro de Canal +.<\/p>\n\n\n\n<p>\u201cUne grande soir\u00e9e\u201d<\/p>\n\n\n\n<p>\u201cC\u2019\u00e9tait une grande soir\u00e9e, j\u2019attendais ce moment depuis longtemps. Jouer avec ce maillot, avec cet \u00e9cusson, pour ces supporters, c\u2019est un cadeau pour moi\u201d, a-t-il expliqu\u00e9 aupr\u00e8s de la cha\u00eene espagnole Movistar.<\/p>\n\n\n\n<p>\u201cNous sommes au Real Madrid, nous n\u2019avons pas de limite, si je peux en marquer 50, alors 50, mais le plus important est de gagner et de s\u2019am\u00e9liorer en tant qu\u2019\u00e9quipe, parce que nous gagnerons en tant qu\u2019\u00e9quipe\u201d, a ajout\u00e9 l\u2019attaquant fran\u00e7ais lorsqu\u2019on lui a demand\u00e9 s\u2019il se fixait comme objectif de marquer 50 buts cette saison.<\/p>\n\n\n\n<p><\/p>\n","protected":false},"excerpt":{"rendered":"<p>\u201cJ\u2019attendais ce moment depuis longtemps\u201d a r\u00e9agi mercredi l\u2019attaquant fran\u00e7ais Kylian Mbapp\u00e9 apr\u00e8s son premier but pour ses grands d\u00e9buts<\/p>\n","protected":false},"author":1,"featured_media":40231,"comment_status":"open","ping_status":"open","sticky":false,"template":"","format":"standard","meta":{"footnotes":""},"categories":[9],"tags":[],"class_list":["post-40230","post","type-post","status-publish","format-standard","has-post-thumbnail","hentry","category-sports"],"_links":{"self":[{"href":"https:\/\/dekkbi.com\/index.php?rest_route=\/wp\/v2\/posts\/40230","targetHints":{"allow":["GET"]}}],"collection":[{"href":"https:\/\/dekkbi.com\/index.php?rest_route=\/wp\/v2\/posts"}],"about":[{"href":"https:\/\/dekkbi.com\/index.php?rest_route=\/wp\/v2\/types\/post"}],"author":[{"embeddable":true,"href":"https:\/\/dekkbi.com\/index.php?rest_route=\/wp\/v2\/users\/1"}],"replies":[{"embeddable":true,"href":"https:\/\/dekkbi.com\/index.php?rest_route=%2Fwp%2Fv2%2Fcomments&post=40230"}],"version-history":[{"count":1,"href":"https:\/\/dekkbi.com\/index.php?rest_route=\/wp\/v2\/posts\/40230\/revisions"}],"predecessor-version":[{"id":40232,"href":"https:\/\/dekkbi.com\/index.php?rest_route=\/wp\/v2\/posts\/40230\/revisions\/40232"}],"wp:featuredmedia":[{"embeddable":true,"href":"https:\/\/dekkbi.com\/index.php?rest_route=\/wp\/v2\/media\/40231"}],"wp:attachment":[{"href":"https:\/\/dekkbi.com\/index.php?rest_route=%2Fwp%2Fv2%2Fmedia&parent=40230"}],"wp:term":[{"taxonomy":"category","embeddable":true,"href":"https:\/\/dekkbi.com\/index.php?rest_route=%2Fwp%2Fv2%2Fcategories&post=40230"},{"taxonomy":"post_tag","embeddable":true,"href":"https:\/\/dekkbi.com\/index.php?rest_route=%2Fwp%2Fv2%2Ftags&post=40230"}],"curies":[{"name":"wp","href":"https:\/\/api.w.org\/{rel}","templated":true}]}}