{"id":40226,"date":"2024-08-15T13:33:21","date_gmt":"2024-08-15T13:33:21","guid":{"rendered":"https:\/\/dekkbi.com\/?p=40226"},"modified":"2024-08-15T13:33:22","modified_gmt":"2024-08-15T13:33:22","slug":"education-barthelemy-dias-lance-la-reconstruction-du-cem-ousmane-soce-diop-pour-740-millions-cfa","status":"publish","type":"post","link":"https:\/\/dekkbi.com\/?p=40226","title":{"rendered":"\u00c9ducation : Barth\u00e9l\u00e9my Dias lance la reconstruction du CEM Ousmane Soc\u00e9 Diop pour 740 millions CFA"},"content":{"rendered":"\n<p>Le maire de la ville de Dakar a lanc\u00e9 ce mercredi, les travaux de reconstruction du Coll\u00e8ge d&rsquo;Enseignement Moyen (CEM) Ousmane Soc\u00e9 Diop de Dieuppeul Derkl\u00e9, marquant une \u00e9tape significative pour l&rsquo;\u00e9ducation locale. <\/p>\n\n\n\n<p>Le co\u00fbt de ce projet ambitieux, s&rsquo;\u00e9l\u00e8ve \u00e0 740 millions de francs CFA. Le maire de la commune de Dieuppeul Derkl\u00e9, le collectif des parents d&rsquo;\u00e9l\u00e8ves et des anciens \u00e9l\u00e8ves de l&rsquo;\u00e9tablissement \u00e9taient pr\u00e9sents pour assister \u00e0 cet acte de la ville de Dakar.  <\/p>\n\n\n\n<p>Cette initiative vise \u00e0 am\u00e9liorer les conditions d&rsquo;apprentissage et \u00e0 offrir un environnement scolaire moderne et adapt\u00e9 aux besoins des \u00e9l\u00e8ves.<\/p>\n\n\n\n<p>DAKARACTU<\/p>\n","protected":false},"excerpt":{"rendered":"<p>Le maire de la ville de Dakar a lanc\u00e9 ce mercredi, les travaux de reconstruction du Coll\u00e8ge d&rsquo;Enseignement Moyen (CEM)<\/p>\n","protected":false},"author":1,"featured_media":5482,"comment_status":"open","ping_status":"open","sticky":false,"template":"","format":"standard","meta":{"footnotes":""},"categories":[21],"tags":[],"class_list":["post-40226","post","type-post","status-publish","format-standard","has-post-thumbnail","hentry","category-societe"],"_links":{"self":[{"href":"https:\/\/dekkbi.com\/index.php?rest_route=\/wp\/v2\/posts\/40226","targetHints":{"allow":["GET"]}}],"collection":[{"href":"https:\/\/dekkbi.com\/index.php?rest_route=\/wp\/v2\/posts"}],"about":[{"href":"https:\/\/dekkbi.com\/index.php?rest_route=\/wp\/v2\/types\/post"}],"author":[{"embeddable":true,"href":"https:\/\/dekkbi.com\/index.php?rest_route=\/wp\/v2\/users\/1"}],"replies":[{"embeddable":true,"href":"https:\/\/dekkbi.com\/index.php?rest_route=%2Fwp%2Fv2%2Fcomments&post=40226"}],"version-history":[{"count":1,"href":"https:\/\/dekkbi.com\/index.php?rest_route=\/wp\/v2\/posts\/40226\/revisions"}],"predecessor-version":[{"id":40227,"href":"https:\/\/dekkbi.com\/index.php?rest_route=\/wp\/v2\/posts\/40226\/revisions\/40227"}],"wp:featuredmedia":[{"embeddable":true,"href":"https:\/\/dekkbi.com\/index.php?rest_route=\/wp\/v2\/media\/5482"}],"wp:attachment":[{"href":"https:\/\/dekkbi.com\/index.php?rest_route=%2Fwp%2Fv2%2Fmedia&parent=40226"}],"wp:term":[{"taxonomy":"category","embeddable":true,"href":"https:\/\/dekkbi.com\/index.php?rest_route=%2Fwp%2Fv2%2Fcategories&post=40226"},{"taxonomy":"post_tag","embeddable":true,"href":"https:\/\/dekkbi.com\/index.php?rest_route=%2Fwp%2Fv2%2Ftags&post=40226"}],"curies":[{"name":"wp","href":"https:\/\/api.w.org\/{rel}","templated":true}]}}