{"id":40176,"date":"2024-08-14T13:00:27","date_gmt":"2024-08-14T13:00:27","guid":{"rendered":"https:\/\/dekkbi.com\/?p=40176"},"modified":"2024-08-14T13:00:58","modified_gmt":"2024-08-14T13:00:58","slug":"la-passerelle-de-bir-hakeim-a-menace-de-seffondrer-pendant-les-jo-nous-ne-sommes-pas-passes-loin-de-la-catastrophe","status":"publish","type":"post","link":"https:\/\/dekkbi.com\/?p=40176","title":{"rendered":"JO PARIS: \u201cNous ne sommes pas pass\u00e9s loin de la catastrophe\u201d"},"content":{"rendered":"\n<p>La c\u00e9l\u00e8bre passerelle de Bir Hakeim est-elle sur le point de s\u2019\u00e9crouler? Samedi dernier, la police a d\u00fb la faire \u00e9vacuer alors que la foule observait les 35.000 coureurs du Marathon pour Tous. Elle est depuis interdite au public \u201cen l\u2019attente de travaux de confortement\u201d.<\/p>\n\n\n\n<p>\u201cNous ne sommes pas pass\u00e9s loin de la catastrophe\u201d. Interrog\u00e9e par Le Figaro, cette source proche du dossier a constat\u00e9 de ses propres yeux que la passerelle pi\u00e9tonne \u201ctanguait dangereusement\u201d et que des boulons avaient saut\u00e9 lors du Marathon pour Tous. Apr\u00e8s le passage d\u2019un architecte pour \u00e9valuer les risques, l\u2019acc\u00e8s \u00e0 la passerelle a \u00e9t\u00e9 neutralis\u00e9. Depuis, l\u2019interdiction est toujours de mise \u201cen l\u2019attente de travaux de confortement\u201d.<\/p>\n\n\n\n<p>En 2021, la passerelle avait \u00e9t\u00e9 percut\u00e9e par un v\u00e9hicule qui l\u2019avait fragilis\u00e9e. En janvier dernier, l\u2019association de riverains Passy-Seine avait r\u00e9clam\u00e9 \u00e0 la mairie de Paris la r\u00e9paration de la passerelle. Des probl\u00e8mes d\u2019ins\u00e9curit\u00e9 ont \u00e9t\u00e9 soulev\u00e9s depuis la mise en place d\u2019un modeste \u00e9chafaudage. \u201cIls sont une trentaine \u00e0 se rassembler ici r\u00e9guli\u00e8rement. Ils se divisent les gains et planquent leur trafic dans les bouches d\u2019\u00e9gouts. Ils font tr\u00e8s peur aux habitants\u201d, t\u00e9moigne un riverain.<\/p>\n\n\n\n<p>L\u2019adjoint au maire David Belliard s\u2019est engag\u00e9 \u00e0 r\u00e9aliser des travaux sur cette passerelle. Selon Le Figaro, le d\u00e9marrage est pr\u00e9vu pour automne ou, au plus tard, au printemps 2025. \u201cMaintenant, il y a un budget et un projet. Mais le quartier va rester enclav\u00e9 jusque-l\u00e0 et, surtout, il y aurait pu avoir une catastrophe : imaginez si le pont s\u2019\u00e9tait \u00e9croul\u00e9 lors des Jeux Olympiques sur les coureurs et les spectateurs\u201d, regrette l\u2019association Passy-Seine.<\/p>\n","protected":false},"excerpt":{"rendered":"<p>La c\u00e9l\u00e8bre passerelle de Bir Hakeim est-elle sur le point de s\u2019\u00e9crouler? Samedi dernier, la police a d\u00fb la faire<\/p>\n","protected":false},"author":1,"featured_media":40177,"comment_status":"open","ping_status":"open","sticky":false,"template":"","format":"standard","meta":{"footnotes":""},"categories":[51],"tags":[],"class_list":["post-40176","post","type-post","status-publish","format-standard","has-post-thumbnail","hentry","category-general"],"_links":{"self":[{"href":"https:\/\/dekkbi.com\/index.php?rest_route=\/wp\/v2\/posts\/40176","targetHints":{"allow":["GET"]}}],"collection":[{"href":"https:\/\/dekkbi.com\/index.php?rest_route=\/wp\/v2\/posts"}],"about":[{"href":"https:\/\/dekkbi.com\/index.php?rest_route=\/wp\/v2\/types\/post"}],"author":[{"embeddable":true,"href":"https:\/\/dekkbi.com\/index.php?rest_route=\/wp\/v2\/users\/1"}],"replies":[{"embeddable":true,"href":"https:\/\/dekkbi.com\/index.php?rest_route=%2Fwp%2Fv2%2Fcomments&post=40176"}],"version-history":[{"count":2,"href":"https:\/\/dekkbi.com\/index.php?rest_route=\/wp\/v2\/posts\/40176\/revisions"}],"predecessor-version":[{"id":40179,"href":"https:\/\/dekkbi.com\/index.php?rest_route=\/wp\/v2\/posts\/40176\/revisions\/40179"}],"wp:featuredmedia":[{"embeddable":true,"href":"https:\/\/dekkbi.com\/index.php?rest_route=\/wp\/v2\/media\/40177"}],"wp:attachment":[{"href":"https:\/\/dekkbi.com\/index.php?rest_route=%2Fwp%2Fv2%2Fmedia&parent=40176"}],"wp:term":[{"taxonomy":"category","embeddable":true,"href":"https:\/\/dekkbi.com\/index.php?rest_route=%2Fwp%2Fv2%2Fcategories&post=40176"},{"taxonomy":"post_tag","embeddable":true,"href":"https:\/\/dekkbi.com\/index.php?rest_route=%2Fwp%2Fv2%2Ftags&post=40176"}],"curies":[{"name":"wp","href":"https:\/\/api.w.org\/{rel}","templated":true}]}}