{"id":40132,"date":"2024-08-14T11:37:14","date_gmt":"2024-08-14T11:37:14","guid":{"rendered":"https:\/\/dekkbi.com\/?p=40132"},"modified":"2024-08-14T11:37:14","modified_gmt":"2024-08-14T11:37:14","slug":"aba-mbaye-depute-taxawu-senegaal-le-pm-ne-viendra-pas-a-lassemblee-pour-faire-sa-dpg","status":"publish","type":"post","link":"https:\/\/dekkbi.com\/?p=40132","title":{"rendered":"Aba Mbaye, d\u00e9put\u00e9 Taxawu Senegaal: \u00abLe Pm ne viendra pas \u00e0 l\u2019Assembl\u00e9e pour faire sa Dpg\u00bb"},"content":{"rendered":"\n<p>Membre de Taxawu Senegaal et d\u00e9put\u00e9 \u00e0 l\u2019Assembl\u00e9e nationale, Ababacar Aba Mbaye est s\u00fbr et certain d\u2019une chose\u00a0: le Premier ministre Ousmane Sonko ne se rendra pas \u00e0 l\u2019H\u00e9micycle pour effectuer sa D\u00e9claration de politique g\u00e9n\u00e9rale.<\/p>\n\n\n\n<p>Interrog\u00e9 par Seneweb, le jeune camarade de l\u2019ancien maire de Dakar, Khalifa Sall, d\u00e9clare\u00a0: \u00abOn a quasiment la certitude que le Premier ministre ne viendra pas \u00e0 l\u2019Assembl\u00e9e nationale pour faire sa D\u00e9claration de politique g\u00e9n\u00e9rale (Dpg).<\/p>\n\n\n\n<p> Maintenant, on a d\u00e9cid\u00e9 de faire uniquement une r\u00e9actualisation qui, \u00e0 la limite, ne servira \u00e0 rien, parce que je suis convaincu que le chef du gouvernement ne va pas venir. Le travail va juste g\u00e9rer les aspects li\u00e9s au Premier ministre. C\u2019est un d\u00e9ni de responsabilit\u00e9. On aurait pu faire mieux.\u00bb<\/p>\n\n\n\n<p><br>Le d\u00e9put\u00e9 de Taxawu Senegaal s\u2019est exprim\u00e9 ainsi hier, \u00e0 l\u2019issue de l\u2019ouverture de la Session extraordinaire de l\u2019Assembl\u00e9e qui devrait aboutir \u00e0 une mise \u00e0 jour du R\u00e8glement int\u00e9rieur de ladite institution afin de permettre au Pm de d\u00e9cliner le programme de gouvernance du pays sous le r\u00e8gne du Pr\u00e9sident Bassirou Diomaye Faye.<\/p>\n\n\n\n<p>SOURCE LEQUOTIDIEN<\/p>\n","protected":false},"excerpt":{"rendered":"<p>Membre de Taxawu Senegaal et d\u00e9put\u00e9 \u00e0 l\u2019Assembl\u00e9e nationale, Ababacar Aba Mbaye est s\u00fbr et certain d\u2019une chose\u00a0: le Premier<\/p>\n","protected":false},"author":1,"featured_media":40133,"comment_status":"open","ping_status":"open","sticky":false,"template":"","format":"standard","meta":{"footnotes":""},"categories":[6],"tags":[],"class_list":["post-40132","post","type-post","status-publish","format-standard","has-post-thumbnail","hentry","category-politics"],"_links":{"self":[{"href":"https:\/\/dekkbi.com\/index.php?rest_route=\/wp\/v2\/posts\/40132","targetHints":{"allow":["GET"]}}],"collection":[{"href":"https:\/\/dekkbi.com\/index.php?rest_route=\/wp\/v2\/posts"}],"about":[{"href":"https:\/\/dekkbi.com\/index.php?rest_route=\/wp\/v2\/types\/post"}],"author":[{"embeddable":true,"href":"https:\/\/dekkbi.com\/index.php?rest_route=\/wp\/v2\/users\/1"}],"replies":[{"embeddable":true,"href":"https:\/\/dekkbi.com\/index.php?rest_route=%2Fwp%2Fv2%2Fcomments&post=40132"}],"version-history":[{"count":1,"href":"https:\/\/dekkbi.com\/index.php?rest_route=\/wp\/v2\/posts\/40132\/revisions"}],"predecessor-version":[{"id":40134,"href":"https:\/\/dekkbi.com\/index.php?rest_route=\/wp\/v2\/posts\/40132\/revisions\/40134"}],"wp:featuredmedia":[{"embeddable":true,"href":"https:\/\/dekkbi.com\/index.php?rest_route=\/wp\/v2\/media\/40133"}],"wp:attachment":[{"href":"https:\/\/dekkbi.com\/index.php?rest_route=%2Fwp%2Fv2%2Fmedia&parent=40132"}],"wp:term":[{"taxonomy":"category","embeddable":true,"href":"https:\/\/dekkbi.com\/index.php?rest_route=%2Fwp%2Fv2%2Fcategories&post=40132"},{"taxonomy":"post_tag","embeddable":true,"href":"https:\/\/dekkbi.com\/index.php?rest_route=%2Fwp%2Fv2%2Ftags&post=40132"}],"curies":[{"name":"wp","href":"https:\/\/api.w.org\/{rel}","templated":true}]}}