{"id":40130,"date":"2024-08-14T11:29:48","date_gmt":"2024-08-14T11:29:48","guid":{"rendered":"https:\/\/dekkbi.com\/?p=40130"},"modified":"2024-08-14T11:29:50","modified_gmt":"2024-08-14T11:29:50","slug":"assemblee-nationale-ouverture-de-la-premiere-session-extraordinaire-2024-la-reactualisation-du-reglement-interieur-enclenchee","status":"publish","type":"post","link":"https:\/\/dekkbi.com\/?p=40130","title":{"rendered":"Assembl\u00e9e nationale \u2013 Ouverture de la premi\u00e8re Session extraordinaire 2024 : La r\u00e9actualisation du R\u00e8glement int\u00e9rieur enclench\u00e9e"},"content":{"rendered":"\n<p><strong>Le pr\u00e9sident de l\u2019Assembl\u00e9e nationale, Dr Amadou Mame Diop, a pr\u00e9sid\u00e9 la premi\u00e8re Session extraordinaire de l\u2019ann\u00e9e 2024 hier, en annon\u00e7ant une demande d\u2019examen en proc\u00e9dure d\u2019urgence d\u2019une proposition de loi visant \u00e0 modifier le R\u00e8glement int\u00e9rieur de l\u2019institution parlementaire, \u00e9manant de 79 d\u00e9put\u00e9s. Dr Amadou Mame Diop a \u00e9galement invit\u00e9 les pr\u00e9sidents de groupe parlementaire \u00e0 se r\u00e9unir aujourd\u2019hui pour fixer les dates d\u2019examen de la proposition de loi, tant en commission qu\u2019en s\u00e9ance pl\u00e9ni\u00e8re.<\/strong><\/p>\n\n\n\n<p><strong>Par Ousmane SOW \u2013&nbsp;<\/strong>Les membres de la Commission des lois, de la d\u00e9centralisation, du travail et des droits humains de l\u2019Assembl\u00e9e nationale sont convoqu\u00e9s en r\u00e9union aujourd\u2019hui \u00e0 10h 00 \u00e0 la salle Marie Jos\u00e9phine Diallo du nouveau b\u00e2timent, pour fixer les dates d\u2019examen de la proposition de loi en commission et en s\u00e9ance pl\u00e9ni\u00e8re. Cette convocation porte sur l\u2019examen de la proposition de loi n\u00b010\/2024 modifiant et compl\u00e9tant la loi organique n\u00b02002-20 du 15 mai 2002, modifi\u00e9e, portant R\u00e8glement int\u00e9rieur de l\u2019Assembl\u00e9e nationale. \u00abJe voudrais vous informer que j\u2019ai re\u00e7u une demande d\u2019examen d\u2019une proposition de loi en proc\u00e9dure d\u2019urgence \u00e9manant de 79 d\u00e9put\u00e9s conform\u00e9ment aux dispositions de l\u2019article 113 de notre R\u00e8glement int\u00e9rieur\u00bb, a indiqu\u00e9 le pr\u00e9sident de l\u2019Assembl\u00e9e nationale, Dr Amadou Mame Diop, hier devant les 122 d\u00e9put\u00e9s pr\u00e9sents sur un nombre total de 165 \u00e0 l\u2019ouverture de la premi\u00e8re Session extraordinaire de l\u2019ann\u00e9e 2024 consacr\u00e9e \u00e0 la demande de r\u00e9actualisation du R\u00e8glement int\u00e9rieur de l\u2019institution.<\/p>\n\n\n\n<p>Pr\u00e9sident du Groupe parlementaire Yewwi askan wi (Yaw) de la mouvance pr\u00e9sidentielle, Mouhamed Ayib Salim Daff\u00e9 a salu\u00e9 cette d\u00e9cision de l\u2019Assembl\u00e9e nationale de corriger ces irr\u00e9gularit\u00e9s not\u00e9es dans le R\u00e8glement int\u00e9rieur, qui a fait l\u2019objet d\u2019un bras de fer au sein de l\u2019institution parlementaire. \u00abEn tant que Groupe parlementaire Yewwi askan wi, nous avons travaill\u00e9 en collaboration avec les autres groupes pour soumettre une proposition de loi et permettre \u00e0 l\u2019Assembl\u00e9e nationale de disposer d\u2019un texte qui soit conforme \u00e0 la Constitution. L\u2019Assembl\u00e9e nationale ne peut plus d\u00e9lib\u00e9rer avec un faux R\u00e8glement int\u00e9rieur. Et cela, nous l\u2019avons d\u00e9nonc\u00e9 et nous sommes heureux qu\u2019apr\u00e8s deux ans de combat pour que cette injustice soit r\u00e9par\u00e9e et pour que ces irr\u00e9gularit\u00e9s soient corrig\u00e9es, enfin qu\u2019on puisse \u00eatre entendus et que la proposition de loi puisse \u00eatre examin\u00e9e et d\u00e9battue\u00bb, a affirm\u00e9 le parlementaire Daff\u00e9. Le d\u00e9put\u00e9 du parti Pastef a insist\u00e9 sur l\u2019urgence de la situation, soulignant que la Conf\u00e9rence des pr\u00e9sidents devait imm\u00e9diatement d\u00e9terminer le calendrier des travaux. \u00abOn doit se r\u00e9unir imm\u00e9diatement en Conf\u00e9rence des pr\u00e9sidents et d\u00e9cider du calendrier. Maintenant, on saura lors de la Conf\u00e9rence des pr\u00e9sidents, quelles sont les dates retenues pour l\u2019examen du projet en commission et la date retenue en s\u00e9ance pl\u00e9ni\u00e8re\u00bb, a soutenu Ayib Daff\u00e9.<\/p>\n\n\n\n<p>Alors que la Conf\u00e9rence des pr\u00e9sidents se pr\u00e9pare \u00e0 fixer le calendrier des travaux, le Premier ministre Ousmane Sonko va-t-il faire sa D\u00e9claration de politique g\u00e9n\u00e9rale (Dpg) devant les d\u00e9put\u00e9s, apr\u00e8s l\u2019actualisation du R\u00e8glement int\u00e9rieur&nbsp;? Pour Abdou Mbow, pr\u00e9sident du Groupe parlementaire Benno bokk yaakaar (Bby), la D\u00e9claration de politique g\u00e9n\u00e9rale (Dpg) du Premier ministre Ousmane Sonko n\u2019a absolument rien \u00e0 avoir avec le R\u00e8glement int\u00e9rieur de l\u2019Assembl\u00e9e nationale. Confirmant les propos de son coll\u00e8gue, Ayib Daff\u00e9, qui soutenait que la Dpg est pr\u00e9vue dans la Constitution, mais ne figure pas dans le R\u00e8glement int\u00e9rieur de l\u2019Assembl\u00e9e nationale. Ayib Daff\u00e9 parlait de falsification du document en y rajoutant des dispositions qui n\u2019ont pas fait l\u2019objet de r\u00e9vision. \u00abLa Dpg n\u2019a absolument rien \u00e0 voir avec le R\u00e8glement int\u00e9rieur de l\u2019Assembl\u00e9e nationale, parce que l\u2019article 55 de la Constitution dit que le Premier ministre doit faire sa D\u00e9claration de politique g\u00e9n\u00e9rale\u00bb, a pr\u00e9cis\u00e9 Abdou Mbow, soulignant que cette r\u00e9vision \u00e9tait un processus entam\u00e9 bien avant l\u2019arriv\u00e9e au pouvoir de l\u2019actuel r\u00e9gime. \u00abC\u2019est une proc\u00e9dure qui a \u00e9t\u00e9 d\u00e9marr\u00e9e bien avant que l\u2019actuel r\u00e9gime ne puisse arriver au pouvoir. Et aujourd\u2019hui, on est en train de travailler, apr\u00e8s la Conf\u00e9rence des pr\u00e9sidents, pour aller en commission et en pl\u00e9ni\u00e8re pour finir ce travail\u00bb, a fait savoir le pr\u00e9sident du Groupe parlementaire Benno bokk yaakaar.<\/p>\n\n\n\n<p>Pour rappel, le d\u00e9bat autour de cette modification du R\u00e8glement int\u00e9rieur a \u00e9t\u00e9 relanc\u00e9 apr\u00e8s que le Premier ministre Ousmane Sonko a exig\u00e9 sa mise \u00e0 jour avant de faire sa Dpg devant les d\u00e9put\u00e9s. Il avait justifi\u00e9 cette demande par l\u2019absence de reconnaissance formelle du poste de Premier ministre dans le R\u00e8glement int\u00e9rieur actuel. \u00abL\u2019audition du Premier ministre, \u00e0 travers une D\u00e9claration de politique g\u00e9n\u00e9rale, ne peut pas \u00eatre faite sur la base du R\u00e8glement int\u00e9rieur de l\u2019institution parlementaire. Elle est impossible puisqu\u2019elle ne figure pas dans le R\u00e8glement int\u00e9rieur de l\u2019Assembl\u00e9e nationale\u00bb, avait soulign\u00e9 Mouhamed Ayib Salim Daff\u00e9 le 26 juin dernier.<\/p>\n\n\n\n<p>LEQUOTIDIEN<\/p>\n","protected":false},"excerpt":{"rendered":"<p>Le pr\u00e9sident de l\u2019Assembl\u00e9e nationale, Dr Amadou Mame Diop, a pr\u00e9sid\u00e9 la premi\u00e8re Session extraordinaire de l\u2019ann\u00e9e 2024 hier, en<\/p>\n","protected":false},"author":1,"featured_media":3971,"comment_status":"open","ping_status":"open","sticky":false,"template":"","format":"standard","meta":{"footnotes":""},"categories":[6],"tags":[],"class_list":["post-40130","post","type-post","status-publish","format-standard","has-post-thumbnail","hentry","category-politics"],"_links":{"self":[{"href":"https:\/\/dekkbi.com\/index.php?rest_route=\/wp\/v2\/posts\/40130","targetHints":{"allow":["GET"]}}],"collection":[{"href":"https:\/\/dekkbi.com\/index.php?rest_route=\/wp\/v2\/posts"}],"about":[{"href":"https:\/\/dekkbi.com\/index.php?rest_route=\/wp\/v2\/types\/post"}],"author":[{"embeddable":true,"href":"https:\/\/dekkbi.com\/index.php?rest_route=\/wp\/v2\/users\/1"}],"replies":[{"embeddable":true,"href":"https:\/\/dekkbi.com\/index.php?rest_route=%2Fwp%2Fv2%2Fcomments&post=40130"}],"version-history":[{"count":1,"href":"https:\/\/dekkbi.com\/index.php?rest_route=\/wp\/v2\/posts\/40130\/revisions"}],"predecessor-version":[{"id":40131,"href":"https:\/\/dekkbi.com\/index.php?rest_route=\/wp\/v2\/posts\/40130\/revisions\/40131"}],"wp:featuredmedia":[{"embeddable":true,"href":"https:\/\/dekkbi.com\/index.php?rest_route=\/wp\/v2\/media\/3971"}],"wp:attachment":[{"href":"https:\/\/dekkbi.com\/index.php?rest_route=%2Fwp%2Fv2%2Fmedia&parent=40130"}],"wp:term":[{"taxonomy":"category","embeddable":true,"href":"https:\/\/dekkbi.com\/index.php?rest_route=%2Fwp%2Fv2%2Fcategories&post=40130"},{"taxonomy":"post_tag","embeddable":true,"href":"https:\/\/dekkbi.com\/index.php?rest_route=%2Fwp%2Fv2%2Ftags&post=40130"}],"curies":[{"name":"wp","href":"https:\/\/api.w.org\/{rel}","templated":true}]}}