{"id":40094,"date":"2024-08-13T12:34:07","date_gmt":"2024-08-13T12:34:07","guid":{"rendered":"https:\/\/dekkbi.com\/?p=40094"},"modified":"2024-08-13T12:34:08","modified_gmt":"2024-08-13T12:34:08","slug":"des-syndicalistes-invites-a-privilegier-le-dialogue-et-la-concertation","status":"publish","type":"post","link":"https:\/\/dekkbi.com\/?p=40094","title":{"rendered":"Des syndicalistes invit\u00e9s \u00e0 privil\u00e9gier le dialogue et la concertation"},"content":{"rendered":"\n<p>Matam,  (APS) \u2013 Le pr\u00e9fet du d\u00e9partement de Matam (nord), Souleymane Ndiaye, a invit\u00e9, lundi, les travailleurs affili\u00e9s au Syndicat d\u00e9mocratique des travailleurs de la sant\u00e9 et du secteur social (SDT3S) \u00e0 \u201dprivil\u00e9gier le dialogue et la concertation au d\u00e9triment de la confrontation\u201d.<\/p>\n\n\n\n<p>\u201dJe voudrais, une fois encore, vous exhorter \u00e0 privil\u00e9gier le dialogue au d\u00e9triment de la confrontation. C\u2019est le conseil que je vous ai toujours donn\u00e9 lors de nos r\u00e9unions de conciliation et de m\u00e9diation\u201d, a-t-il dit \u00e0 l\u2019endroit des syndicalistes.<\/p>\n\n\n\n<p>Souleymane Ndiaye s\u2019exprimait \u00e0 la fin d\u2019une marche organis\u00e9e par les membres du SDT3S, dont le cort\u00e8ge \u00e9tait parti du CDPES de Matam pour la pr\u00e9fecture o\u00f9 les syndicalistes ont remis un m\u00e9morandum au chef de l\u2019ex\u00e9cutif d\u00e9partemental.<\/p>\n\n\n\n<p>Le pr\u00e9fet a rappel\u00e9 qu\u2019en f\u00e9vrier dernier, au cours d\u2019une rencontre avec ces repr\u00e9sentants de travailleurs, il leur avait sugg\u00e9r\u00e9 \u201cd\u2019essayer d\u2019arrondir les angles\u201d entre eux, relativement \u00e0 leurs revendications.<\/p>\n\n\n\n<p>Il a fait savoir que des solutions avaient \u00e9t\u00e9 propos\u00e9es \u00e0 leurs revendications, dans le but de trouver un terrain d\u2019entente entre les travailleurs membres du SDT3S et le m\u00e9decin-chef de district.<\/p>\n\n\n\n<p>\u201dJe voudrais vous appeler \u00e0 la capitalisation de ces acquis et de repartir sur de nouvelles bases en vue de privil\u00e9gier encore une fois le dialogue. Je vous appelle \u00e0 la n\u00e9gociation avec le m\u00e9decin-chef de district\u201d, a-t-il insist\u00e9.<\/p>\n\n\n\n<p>M. Ndiaye a laiss\u00e9 entendre que la marche que ces travailleurs venaient d\u2019organiser est \u201cune illustration du respect des libert\u00e9s publiques au S\u00e9n\u00e9gal, dans le d\u00e9partement de Matam en particulier\u201d.<\/p>\n\n\n\n<p>Les travailleurs affili\u00e9s au Syndicat d\u00e9mocratique des travailleurs de la sant\u00e9 et du secteur social ont, de leur c\u00f4t\u00e9, r\u00e9clam\u00e9 \u201cune bonne gestion des fonds du district sanitaire de Matam\u201d, mais aussi une plus grande libert\u00e9 syndicale.<\/p>\n\n\n\n<p>\u00c0 noter que des infirmiers, sages-femmes, ambulanciers et des agents de sant\u00e9 communautaire (ASC) ont pris part \u00e0 cette marche.<\/p>\n","protected":false},"excerpt":{"rendered":"<p>Matam, (APS) \u2013 Le pr\u00e9fet du d\u00e9partement de Matam (nord), Souleymane Ndiaye, a invit\u00e9, lundi, les travailleurs affili\u00e9s au Syndicat<\/p>\n","protected":false},"author":1,"featured_media":40096,"comment_status":"open","ping_status":"open","sticky":false,"template":"","format":"standard","meta":{"footnotes":""},"categories":[26],"tags":[],"class_list":["post-40094","post","type-post","status-publish","format-standard","has-post-thumbnail","hentry","category-fait-divers"],"_links":{"self":[{"href":"https:\/\/dekkbi.com\/index.php?rest_route=\/wp\/v2\/posts\/40094","targetHints":{"allow":["GET"]}}],"collection":[{"href":"https:\/\/dekkbi.com\/index.php?rest_route=\/wp\/v2\/posts"}],"about":[{"href":"https:\/\/dekkbi.com\/index.php?rest_route=\/wp\/v2\/types\/post"}],"author":[{"embeddable":true,"href":"https:\/\/dekkbi.com\/index.php?rest_route=\/wp\/v2\/users\/1"}],"replies":[{"embeddable":true,"href":"https:\/\/dekkbi.com\/index.php?rest_route=%2Fwp%2Fv2%2Fcomments&post=40094"}],"version-history":[{"count":1,"href":"https:\/\/dekkbi.com\/index.php?rest_route=\/wp\/v2\/posts\/40094\/revisions"}],"predecessor-version":[{"id":40097,"href":"https:\/\/dekkbi.com\/index.php?rest_route=\/wp\/v2\/posts\/40094\/revisions\/40097"}],"wp:featuredmedia":[{"embeddable":true,"href":"https:\/\/dekkbi.com\/index.php?rest_route=\/wp\/v2\/media\/40096"}],"wp:attachment":[{"href":"https:\/\/dekkbi.com\/index.php?rest_route=%2Fwp%2Fv2%2Fmedia&parent=40094"}],"wp:term":[{"taxonomy":"category","embeddable":true,"href":"https:\/\/dekkbi.com\/index.php?rest_route=%2Fwp%2Fv2%2Fcategories&post=40094"},{"taxonomy":"post_tag","embeddable":true,"href":"https:\/\/dekkbi.com\/index.php?rest_route=%2Fwp%2Fv2%2Ftags&post=40094"}],"curies":[{"name":"wp","href":"https:\/\/api.w.org\/{rel}","templated":true}]}}