{"id":40052,"date":"2024-08-10T08:57:04","date_gmt":"2024-08-10T08:57:04","guid":{"rendered":"https:\/\/dekkbi.com\/?p=40052"},"modified":"2024-08-10T08:57:05","modified_gmt":"2024-08-10T08:57:05","slug":"senegal-face-a-la-crise-les-journaux-lancent-des-journees-sans-presse","status":"publish","type":"post","link":"https:\/\/dekkbi.com\/?p=40052","title":{"rendered":"S\u00e9n\u00e9gal: face \u00e0 la crise, les journaux lancent des journ\u00e9es sans presse"},"content":{"rendered":"\n<p>Comment r\u00e9pondre \u00e0 la crise que traverse la presse s\u00e9n\u00e9galaise ? Depuis une semaine, les organisations professionnelles se r\u00e9unissent. Ce vendredi 9 ao\u00fbt, c\u2019\u00e9tait au tour des patrons des entreprises de se retrouver et d\u00e9cider de la fa\u00e7on de proc\u00e9der.<\/p>\n\n\n\n<p>Avec notre correspondant \u00e0 Dakar, Gwendal Lavina &#8211; SOURCE RFI <\/p>\n\n\n\n<p>Au S\u00e9n\u00e9gal, c\u2019est d\u00e9sormais une question de survie pour de plus en plus de journaux dans le pays. Mais dans cette crise, les patrons de presse se sentent bien seuls.<\/p>\n\n\n\n<p>\u00ab Depuis le Covid-19, nous avons tent\u00e9 de nous maintenir bien qu\u2019on observait des d\u00e9ficits et nous avions le projet de soumettre un plan de restructuration de la presse, explique Mamadou Ibra Kane, pr\u00e9sident du Conseil des diffuseurs et \u00e9diteurs de presse du S\u00e9n\u00e9gal (CDEPS).<\/p>\n\n\n\n<p> Mais malheureusement, le nouveau r\u00e9gime est sourd pour toutes n\u00e9gociations ou toutes discussions. \u00bb Des journ\u00e9es sans presse et des actions de sensibilisation<\/p>\n\n\n\n<p>Le patronat estime m\u00eame devoir composer avec des d\u00e9cisions politiques qualifi\u00e9es d\u2019hostiles, sur la fiscalit\u00e9 ou encore la publicit\u00e9. <\/p>\n\n\n\n<p>L\u2019heure est donc \u00e0 l\u2019action : \u00ab Dimanche, nous allons valider un plan d\u2019actions qui va comporter des journ\u00e9es sans presse, mais ce sera aussi une presse avec des \u00e9crans noirs. On pr\u00e9voit aussi des actions de sensibilisation de l\u2019opinion publique nationale et internationale. <\/p>\n\n\n\n<p>Nous n\u2019excluons aucune alternative pour vraiment montrer que la libert\u00e9 de la presse est en danger au S\u00e9n\u00e9gal. \u00bb<\/p>\n\n\n\n<p>Les patrons de presse comptent sur les lecteurs et plus largement sur tous les citoyens pour d\u00e9fendre ce qui fait la richesse du paysage m\u00e9diatique s\u00e9n\u00e9galais. <\/p>\n\n\n\n<p>Avec l\u2019espoir de parvenir enfin \u00e0 attirer l\u2019attention des autorit\u00e9s et tenter de trouver une solution.<\/p>\n","protected":false},"excerpt":{"rendered":"<p>Comment r\u00e9pondre \u00e0 la crise que traverse la presse s\u00e9n\u00e9galaise ? Depuis une semaine, les organisations professionnelles se r\u00e9unissent. Ce<\/p>\n","protected":false},"author":1,"featured_media":34648,"comment_status":"open","ping_status":"open","sticky":false,"template":"","format":"standard","meta":{"footnotes":""},"categories":[26],"tags":[],"class_list":["post-40052","post","type-post","status-publish","format-standard","has-post-thumbnail","hentry","category-fait-divers"],"_links":{"self":[{"href":"https:\/\/dekkbi.com\/index.php?rest_route=\/wp\/v2\/posts\/40052","targetHints":{"allow":["GET"]}}],"collection":[{"href":"https:\/\/dekkbi.com\/index.php?rest_route=\/wp\/v2\/posts"}],"about":[{"href":"https:\/\/dekkbi.com\/index.php?rest_route=\/wp\/v2\/types\/post"}],"author":[{"embeddable":true,"href":"https:\/\/dekkbi.com\/index.php?rest_route=\/wp\/v2\/users\/1"}],"replies":[{"embeddable":true,"href":"https:\/\/dekkbi.com\/index.php?rest_route=%2Fwp%2Fv2%2Fcomments&post=40052"}],"version-history":[{"count":1,"href":"https:\/\/dekkbi.com\/index.php?rest_route=\/wp\/v2\/posts\/40052\/revisions"}],"predecessor-version":[{"id":40053,"href":"https:\/\/dekkbi.com\/index.php?rest_route=\/wp\/v2\/posts\/40052\/revisions\/40053"}],"wp:featuredmedia":[{"embeddable":true,"href":"https:\/\/dekkbi.com\/index.php?rest_route=\/wp\/v2\/media\/34648"}],"wp:attachment":[{"href":"https:\/\/dekkbi.com\/index.php?rest_route=%2Fwp%2Fv2%2Fmedia&parent=40052"}],"wp:term":[{"taxonomy":"category","embeddable":true,"href":"https:\/\/dekkbi.com\/index.php?rest_route=%2Fwp%2Fv2%2Fcategories&post=40052"},{"taxonomy":"post_tag","embeddable":true,"href":"https:\/\/dekkbi.com\/index.php?rest_route=%2Fwp%2Fv2%2Ftags&post=40052"}],"curies":[{"name":"wp","href":"https:\/\/api.w.org\/{rel}","templated":true}]}}