{"id":40050,"date":"2024-08-10T08:52:08","date_gmt":"2024-08-10T08:52:08","guid":{"rendered":"https:\/\/dekkbi.com\/?p=40050"},"modified":"2024-08-10T08:52:08","modified_gmt":"2024-08-10T08:52:08","slug":"emeutes-au-royaume-uni-le-roi-charles-salue-lesprit-de-communaute-qui-a-contre-lagressivite","status":"publish","type":"post","link":"https:\/\/dekkbi.com\/?p=40050","title":{"rendered":"\u00c9meutes au Royaume-Uni: le roi Charles salue \u00abl&rsquo;esprit de communaut\u00e9 qui a contr\u00e9 l&rsquo;agressivit\u00e9\u00bb"},"content":{"rendered":"\n<p>Des dizaines de manifestations anti-racisme sont annonc\u00e9es ce samedi 10 ao\u00fbt au Royaume-Uni, une dizaine de jours apr\u00e8s le d\u00e9but d&rsquo;\u00e9meutes nationalistes, islamophobes et x\u00e9nophobes. Plus de 700 personnes ont \u00e9t\u00e9 arr\u00eat\u00e9es pour leur participation \u00e0 des violences. Critiqu\u00e9 pour son silence, le roi s&rsquo;est enfin exprim\u00e9, vendredi.<\/p>\n\n\n\n<p>Avec notre correspondante \u00e0 Londres, \u00c9meline Vin &#8211; SOURCE RFI<\/p>\n\n\n\n<p>Au cours d&rsquo;un entretien t\u00e9l\u00e9phonique avec le Premier ministre Keir Starmer, le roi Charles III a remerci\u00e9 la police et les services de secours pour leur action en faveur de l&rsquo;apaisement. <\/p>\n\n\n\n<p>Et salu\u00e9 \u00ab l&rsquo;esprit de communaut\u00e9 qui a contr\u00e9 l&rsquo;agressivit\u00e9 d&rsquo;une minorit\u00e9 \u00bb.Deux jours apr\u00e8s de larges manifestations anti-racistes face aux \u00e9meutes nationalistes \u00e0 travers le Royaume-Uni, un porte-parole de Buckingham Palace souligne les valeurs d&rsquo;unit\u00e9 et de respect mutuel ch\u00e8res au souverain.<\/p>\n\n\n\n<p>C&rsquo;est la premi\u00e8re fois que le monarque s&rsquo;exprime sur les \u00e9meutes anti-immigration qui se sont multipli\u00e9es \u00e0 travers le pays, depuis la mort de trois fillettes dans une attaque au couteau fin juillet, dans un contexte de prolif\u00e9ration de fake news.<\/p>\n\n\n\n<p>M\u00eame si le roi est en ce moment en vacances en \u00c9cosse, son silence a agac\u00e9 une partie des Britanniques, rappelant le r\u00f4le unificateur de la Couronne. Pour l&rsquo;instant, aucun membre de la famille royale ne s&rsquo;est rendu dans les villes affect\u00e9es par les violences.<\/p>\n","protected":false},"excerpt":{"rendered":"<p>Des dizaines de manifestations anti-racisme sont annonc\u00e9es ce samedi 10 ao\u00fbt au Royaume-Uni, une dizaine de jours apr\u00e8s le d\u00e9but<\/p>\n","protected":false},"author":1,"featured_media":39937,"comment_status":"open","ping_status":"open","sticky":false,"template":"","format":"standard","meta":{"footnotes":""},"categories":[51],"tags":[],"class_list":["post-40050","post","type-post","status-publish","format-standard","has-post-thumbnail","hentry","category-general"],"_links":{"self":[{"href":"https:\/\/dekkbi.com\/index.php?rest_route=\/wp\/v2\/posts\/40050","targetHints":{"allow":["GET"]}}],"collection":[{"href":"https:\/\/dekkbi.com\/index.php?rest_route=\/wp\/v2\/posts"}],"about":[{"href":"https:\/\/dekkbi.com\/index.php?rest_route=\/wp\/v2\/types\/post"}],"author":[{"embeddable":true,"href":"https:\/\/dekkbi.com\/index.php?rest_route=\/wp\/v2\/users\/1"}],"replies":[{"embeddable":true,"href":"https:\/\/dekkbi.com\/index.php?rest_route=%2Fwp%2Fv2%2Fcomments&post=40050"}],"version-history":[{"count":1,"href":"https:\/\/dekkbi.com\/index.php?rest_route=\/wp\/v2\/posts\/40050\/revisions"}],"predecessor-version":[{"id":40051,"href":"https:\/\/dekkbi.com\/index.php?rest_route=\/wp\/v2\/posts\/40050\/revisions\/40051"}],"wp:featuredmedia":[{"embeddable":true,"href":"https:\/\/dekkbi.com\/index.php?rest_route=\/wp\/v2\/media\/39937"}],"wp:attachment":[{"href":"https:\/\/dekkbi.com\/index.php?rest_route=%2Fwp%2Fv2%2Fmedia&parent=40050"}],"wp:term":[{"taxonomy":"category","embeddable":true,"href":"https:\/\/dekkbi.com\/index.php?rest_route=%2Fwp%2Fv2%2Fcategories&post=40050"},{"taxonomy":"post_tag","embeddable":true,"href":"https:\/\/dekkbi.com\/index.php?rest_route=%2Fwp%2Fv2%2Ftags&post=40050"}],"curies":[{"name":"wp","href":"https:\/\/api.w.org\/{rel}","templated":true}]}}