{"id":40048,"date":"2024-08-10T08:47:07","date_gmt":"2024-08-10T08:47:07","guid":{"rendered":"https:\/\/dekkbi.com\/?p=40048"},"modified":"2024-08-10T08:47:08","modified_gmt":"2024-08-10T08:47:08","slug":"le-grand-chamboulement-judiciaire-ibrahima-ndoye-procureur-de-la-republique-mansour-mbaye-president-de-la-cour-supreme","status":"publish","type":"post","link":"https:\/\/dekkbi.com\/?p=40048","title":{"rendered":"Le grand chamboulement judiciaire : Ibrahima Ndoye, procureur de la R\u00e9publique, Mansour Mbaye pr\u00e9sident de la Cour supr\u00eame"},"content":{"rendered":"\n<p>Le Conseil sup\u00e9rieur de la Magistrature a chamboul\u00e9 hier la composition de la justice dans tous les tribunaux. Ibrahima Ndoye est le nouveau procureur de la r\u00e9publique pr\u00e8s le tribunal de grande instance hors classe de Dakar en remplacement de m. Abdou Karim Diop, qui devient Avocat g\u00e9n\u00e9ral pr\u00e8s la Cour d\u2019appel de Kaolack ainsi que Mamadou Seck. <\/p>\n\n\n\n<p>Mamadou Ciss\u00e9 Fall, pr\u00e9sident du Tgi hors classe de Dakar est nomm\u00e9 pr\u00e9sident de Chambre \u00e0 la Cour d\u2019appel de Tamba. Alors que Mback\u00e9 Fall est le procureur g\u00e9n\u00e9ral pr\u00e8s la Cour d\u2019appel de Dakar.  Agent judiciaire de l\u2019Etat, Yoro Moussa Diallo est devenu avocat g\u00e9n\u00e9ral d\u00e9l\u00e9gu\u00e9 pr\u00e8s la Cour supr\u00eame.<\/p>\n\n\n\n<p>Oumar Maham DIALLO n\u2019est plus doyen des Juges d\u2019Instruction au Tribunal de Grande Instance Hors Classe de Dakar. <\/p>\n\n\n\n<p>Il rejoint la r\u00e9gion de Tambacounda et devient Pr\u00e9sident de Chambre \u00e0 la Cour d\u2019Appel. Il est remplac\u00e9 par Abdoul Aziz DIALLO.<\/p>\n\n\n\n<p>Maham Diallo, Mamadou Seck et Abdou Karim Diop envoy\u00e9s \u00e0 Tamba<\/p>\n\n\n\n<p>Sabassy FAYE, d\u00e9sormais Pr\u00e9sident du Tribunal de Grande Instance de Fatick alors qu\u2019il occupait le poste de Pr\u00e9sident du tribunal d\u2019instance de Ziguinchor.  <\/p>\n\n\n\n<p>Et le juge Ousmane Racine Thione rejoint la pr\u00e9sidence du Tribunal de grande instance de Mbour.Jusqu\u2019ici Pr\u00e9sident de la Cour d\u2019appel de Dakar, Amady DIOUF est affect\u00e9 \u00e0 l\u2019Administration centrale du Minist\u00e8re de la Justice. abdou karim diop<\/p>\n\n\n\n<p>LEQUOTIDIEN<\/p>\n\n\n\n<p><\/p>\n","protected":false},"excerpt":{"rendered":"<p>Le Conseil sup\u00e9rieur de la Magistrature a chamboul\u00e9 hier la composition de la justice dans tous les tribunaux. Ibrahima Ndoye<\/p>\n","protected":false},"author":1,"featured_media":11013,"comment_status":"open","ping_status":"open","sticky":false,"template":"","format":"standard","meta":{"footnotes":""},"categories":[6],"tags":[],"class_list":["post-40048","post","type-post","status-publish","format-standard","has-post-thumbnail","hentry","category-politics"],"_links":{"self":[{"href":"https:\/\/dekkbi.com\/index.php?rest_route=\/wp\/v2\/posts\/40048","targetHints":{"allow":["GET"]}}],"collection":[{"href":"https:\/\/dekkbi.com\/index.php?rest_route=\/wp\/v2\/posts"}],"about":[{"href":"https:\/\/dekkbi.com\/index.php?rest_route=\/wp\/v2\/types\/post"}],"author":[{"embeddable":true,"href":"https:\/\/dekkbi.com\/index.php?rest_route=\/wp\/v2\/users\/1"}],"replies":[{"embeddable":true,"href":"https:\/\/dekkbi.com\/index.php?rest_route=%2Fwp%2Fv2%2Fcomments&post=40048"}],"version-history":[{"count":1,"href":"https:\/\/dekkbi.com\/index.php?rest_route=\/wp\/v2\/posts\/40048\/revisions"}],"predecessor-version":[{"id":40049,"href":"https:\/\/dekkbi.com\/index.php?rest_route=\/wp\/v2\/posts\/40048\/revisions\/40049"}],"wp:featuredmedia":[{"embeddable":true,"href":"https:\/\/dekkbi.com\/index.php?rest_route=\/wp\/v2\/media\/11013"}],"wp:attachment":[{"href":"https:\/\/dekkbi.com\/index.php?rest_route=%2Fwp%2Fv2%2Fmedia&parent=40048"}],"wp:term":[{"taxonomy":"category","embeddable":true,"href":"https:\/\/dekkbi.com\/index.php?rest_route=%2Fwp%2Fv2%2Fcategories&post=40048"},{"taxonomy":"post_tag","embeddable":true,"href":"https:\/\/dekkbi.com\/index.php?rest_route=%2Fwp%2Fv2%2Ftags&post=40048"}],"curies":[{"name":"wp","href":"https:\/\/api.w.org\/{rel}","templated":true}]}}