{"id":40022,"date":"2024-08-09T16:36:24","date_gmt":"2024-08-09T16:36:24","guid":{"rendered":"https:\/\/dekkbi.com\/?p=40022"},"modified":"2024-08-09T16:37:07","modified_gmt":"2024-08-09T16:37:07","slug":"fatou-sow-kane-dg-expresso-les-operateurs-sont-toujours-a-lecoute-des-consommateurs","status":"publish","type":"post","link":"https:\/\/dekkbi.com\/?p=40022","title":{"rendered":"\u00abLes op\u00e9rateurs sont toujours \u00e0 l\u2019\u00e9coute des consommateurs&#8230; \u00bb"},"content":{"rendered":"\n<p>Portant la voix des op\u00e9rateurs t\u00e9l\u00e9coms, Fatou Sow Kane, par ailleurs directrice g\u00e9n\u00e9rale de Expresso S\u00e9n\u00e9gal, a d\u00e9livr\u00e9 ce matin, le message en marge de ces journ\u00e9es de concertations sur la r\u00e9gulation des communications \u00e9lectroniques. Une d\u00e9marche inclusive de l\u2019Artp qu\u2019elle a salu\u00e9e \u00e0 travers l\u2019organisation de ces journ\u00e9es. Une politique d\u2019am\u00e9nagement num\u00e9rique sur le territoire national, dans le but de r\u00e9pondre &nbsp;aux exigences de l\u2019\u00e9quit\u00e9 sociale et territoriale pour \u00e9viter toute discrimination.<\/p>\n\n\n\n<p>Au vu des ambitions des op\u00e9rateurs t\u00e9l\u00e9coms, de d\u00e9velopper leurs infrastructures techniques pour asseoir une souverainet\u00e9 num\u00e9rique, il sera important de r\u00e9fl\u00e9chir \u00e0 un all\u00e8gement de certaines pr\u00e9occupations du secteur, notamment la r\u00e9duction des d\u00e9lais d\u2019autorisation d\u2019installation de la fibre optique, l\u2019acc\u00e8s aux sites avec les collectivit\u00e9s locales, l\u2019acc\u00e8s \u00e0 des sites afin de participer \u00e0 la digitalisation, le partage des infrastructures entre autres. Nous recommandons une profonde r\u00e9flexion pour la r\u00e9gulation. Une \u00e9volution de la r\u00e9gulation va faciliter la commercialisation dans un environnement plus favorable \u00e0 tous les acteurs de l\u2019\u00e9cosyst\u00e8me.&nbsp;<\/p>\n","protected":false},"excerpt":{"rendered":"<p>Portant la voix des op\u00e9rateurs t\u00e9l\u00e9coms, Fatou Sow Kane, par ailleurs directrice g\u00e9n\u00e9rale de Expresso S\u00e9n\u00e9gal, a d\u00e9livr\u00e9 ce matin,<\/p>\n","protected":false},"author":1,"featured_media":40023,"comment_status":"open","ping_status":"open","sticky":false,"template":"","format":"standard","meta":{"footnotes":""},"categories":[3],"tags":[],"class_list":["post-40022","post","type-post","status-publish","format-standard","has-post-thumbnail","hentry","category-event-more-news"],"_links":{"self":[{"href":"https:\/\/dekkbi.com\/index.php?rest_route=\/wp\/v2\/posts\/40022","targetHints":{"allow":["GET"]}}],"collection":[{"href":"https:\/\/dekkbi.com\/index.php?rest_route=\/wp\/v2\/posts"}],"about":[{"href":"https:\/\/dekkbi.com\/index.php?rest_route=\/wp\/v2\/types\/post"}],"author":[{"embeddable":true,"href":"https:\/\/dekkbi.com\/index.php?rest_route=\/wp\/v2\/users\/1"}],"replies":[{"embeddable":true,"href":"https:\/\/dekkbi.com\/index.php?rest_route=%2Fwp%2Fv2%2Fcomments&post=40022"}],"version-history":[{"count":2,"href":"https:\/\/dekkbi.com\/index.php?rest_route=\/wp\/v2\/posts\/40022\/revisions"}],"predecessor-version":[{"id":40025,"href":"https:\/\/dekkbi.com\/index.php?rest_route=\/wp\/v2\/posts\/40022\/revisions\/40025"}],"wp:featuredmedia":[{"embeddable":true,"href":"https:\/\/dekkbi.com\/index.php?rest_route=\/wp\/v2\/media\/40023"}],"wp:attachment":[{"href":"https:\/\/dekkbi.com\/index.php?rest_route=%2Fwp%2Fv2%2Fmedia&parent=40022"}],"wp:term":[{"taxonomy":"category","embeddable":true,"href":"https:\/\/dekkbi.com\/index.php?rest_route=%2Fwp%2Fv2%2Fcategories&post=40022"},{"taxonomy":"post_tag","embeddable":true,"href":"https:\/\/dekkbi.com\/index.php?rest_route=%2Fwp%2Fv2%2Ftags&post=40022"}],"curies":[{"name":"wp","href":"https:\/\/api.w.org\/{rel}","templated":true}]}}