{"id":39939,"date":"2024-08-08T13:57:12","date_gmt":"2024-08-08T13:57:12","guid":{"rendered":"https:\/\/dekkbi.com\/?p=39939"},"modified":"2024-08-08T13:57:13","modified_gmt":"2024-08-08T13:57:13","slug":"apres-sept-ans-dexil-carles-puigdemont-reapparait-en-espagne-puis-disparait-de-nouveau","status":"publish","type":"post","link":"https:\/\/dekkbi.com\/?p=39939","title":{"rendered":"Apr\u00e8s sept ans d&rsquo;exil, Carles Puigdemont r\u00e9appara\u00eet en Espagne, puis dispara\u00eet de nouveau"},"content":{"rendered":"\n<p>Devant quelques milliers de sympathisants, le leader ind\u00e9pendantiste catalan Carles Puigdemont a fait sa r\u00e9apparition en Espagne, \u00e0 Barcelone, jeudi, apr\u00e8s sept ann\u00e9es d&rsquo;exil. Mais selon des m\u00e9dias locaux, Carles Puigdemont semble avoir de nouveau disparu.<\/p>\n\n\n\n<p>Par : FRANCE 24 <\/p>\n\n\n\n<p>Apr\u00e8s sept ans d&rsquo;exil, le leader ind\u00e9pendantiste catalan\u00a0Carles Puigdemont\u00a0a fait une br\u00e8ve r\u00e9apparition devant quelques milliers de sympathisants, jeudi 8 ao\u00fbt \u00e0\u00a0Barcelone, avant de s&rsquo;\u00e9clipser discr\u00e8tement, sans prendre part au vote d&rsquo;investiture du nouveau pr\u00e9sident de la r\u00e9gion au parlement.<\/p>\n\n\n\n<p>Sous les acclamations de la foule scandant \u00ab\u00a0pr\u00e9sident, pr\u00e9sident\u00a0\u00bb, Carles Puigdemont est mont\u00e9&nbsp;vers 9&nbsp;h&nbsp;sur une sc\u00e8ne install\u00e9e devant l&rsquo;arc de triomphe de Barcelone et y a prononc\u00e9 un court discours, ont constat\u00e9 des journalistes de l&rsquo;AFP.<\/p>\n\n\n\n<p>\u00ab\u00a0Je ne sais pas combien de temps va passer avant que nous puissions nous voir \u00e0 nouveau, mes amis, mais peu importe ce qu&rsquo;il se passe, quand nous nous reverrons, j&rsquo;esp\u00e8re que nous pourrons crier de nouveau bien fort ensemble ce que j&rsquo;ai d\u00e9j\u00e0 dit pendant mon discours\u00a0:\u00a0&lsquo;Vive la\u00a0Catalogne\u00a0libre\u00a0!'\u00a0\u00bb, a lanc\u00e9 Carles Puigdemont.<\/p>\n\n\n\n<p>Toujours vis\u00e9 par un mandat d&rsquo;arr\u00eat en\u00a0Espagne\u00a0pour son r\u00f4le dans la tentative de s\u00e9cession avort\u00e9e de la Catalogne en 2017, il avait fui le pays pour \u00e9chapper aux poursuites le visant et a pass\u00e9 les sept derni\u00e8res ann\u00e9es en\u00a0Belgique\u00a0et en\u00a0France.<\/p>\n\n\n\n<p>\u00ab\u00a0Son ton m&rsquo;a beaucoup plu, rien d&rsquo;exalt\u00e9, et \u00e7a m&rsquo;a \u00e9mu de le voir\u00a0\u00bb, d\u00e9clare \u00e0 l&rsquo;AFP Albert, un Barcelonais \u00e2g\u00e9 d&rsquo;une cinquantaine d&rsquo;ann\u00e9es, qui ne souhaite pas donner son nom. Dans la foule rassembl\u00e9e, quelques larmes sont vers\u00e9es.<\/p>\n\n\n\n<p>Apr\u00e8s son discours, ses sympathisants ont pris la direction du Parlement o\u00f9 \u00e9tait organis\u00e9e l&rsquo;\u00e9lection du nouveau pr\u00e9sident de l&rsquo;ex\u00e9cutif r\u00e9gional, le socialiste Salvador Illa, \u00e0 laquelle Carles Puigdemont avait plusieurs fois annonc\u00e9 son intention de participer.<\/p>\n\n\n\n<p>\u00ab\u00a0Dans des conditions d\u00e9mocratiques normales, il serait inutile qu&rsquo;un d\u00e9put\u00e9 comme moi annonce son intention d&rsquo;assister \u00e0 la s\u00e9ance, cela n&rsquo;aurait aucune importance\u00a0\u00bb, avait d\u00e9clar\u00e9 mercredi dans une vid\u00e9o publi\u00e9e sur X Carles Puigdemont, assurant alors avoir \u00ab\u00a0entam\u00e9 son voyage de retour d&rsquo;exil\u00a0\u00bb.<\/p>\n\n\n\n<p>Au moment o\u00f9 les d\u00e9bats ont d\u00e9but\u00e9, les d\u00e9put\u00e9s de son parti, Junts per Catalunya (Ensemble pour la Catalogne) sont arriv\u00e9s sans leur leader. Devant les grilles du Parlement, le plus grand flou r\u00e8gne, constatent des journalistes de l&rsquo;AFP. Le bruit court que Carles Puigdemont a de nouveau pris la fuite, comme le relaient \u00e9galement des m\u00e9dias locaux. Interrog\u00e9e par l&rsquo;AFP, la police locale a refus\u00e9 de commenter ces all\u00e9gations.<\/p>\n\n\n\n<p>Pour afficher ce contenu X (Twitter), il est n\u00e9cessaire d&rsquo;autoriser les cookies de mesure d&rsquo;audience et de publicit\u00e9.AccepterG\u00e9rer mes choix<\/p>\n\n\n\n<h2 class=\"wp-block-heading\">\u00ab\u00a0R\u00e9bellions de certains juges de la Cour supr\u00eame\u00a0\u00bb<\/h2>\n\n\n\n<p>Toujours vis\u00e9 par un mandat d&rsquo;arr\u00eat malgr\u00e9 la loi d&rsquo;amnistie n\u00e9goci\u00e9e par\u00a0Pedro Sanchez\u00a0en \u00e9change du soutien de Junts \u00e0 son gouvernement, Carles Puigdemont risquait, avec son retour, d&rsquo;\u00eatre arr\u00eat\u00e9 \u00e0 tout instant \u2013 les forces de l&rsquo;ordre devant se conformer obligatoirement au mandat d&rsquo;arr\u00eat le visant.<\/p>\n\n\n\n<p>Tr\u00e8s critiqu\u00e9e par l&rsquo;opposition, cette loi d&rsquo;amnistie est au c\u0153ur de multiples d\u00e9bats juridiques et, le 1<sup>er<\/sup>&nbsp;juillet, la Cour supr\u00eame a d\u00e9cid\u00e9 qu&rsquo;elle ne s&rsquo;appliquait qu&rsquo;\u00e0 certains des d\u00e9lits reproch\u00e9s au dirigeant ind\u00e9pendantiste, qui a encore d\u00e9nonc\u00e9 mercredi \u00ab\u00a0l&rsquo;attitude de r\u00e9bellion de certains juges de la Cour supr\u00eame\u00a0\u00bb.<\/p>\n\n\n\n<p>Son arrestation avant les d\u00e9bats aurait pu faire d\u00e9railler, ou au moins retarder, le processus d&rsquo;investiture de Salvador Illa comme nouveau pr\u00e9sident de la Generalitat, le gouvernement r\u00e9gional. Le secr\u00e9taire g\u00e9n\u00e9ral de Junts per Catalunya, Jordi Turull, a annonc\u00e9 qu&rsquo;il demanderait dans ce cas la suspension de la session d&rsquo;investiture.<\/p>\n\n\n\n<p>Apr\u00e8s des mois de tractations depuis les \u00e9lections de mai qui avaient vu les socialistes devancer le parti de Carles Puigdemont \u2013 sans toutefois obtenir la majorit\u00e9 absolue \u2013, un accord de coalition a finalement vu le jour la semaine derni\u00e8re.<\/p>\n\n\n\n<p>Il permet \u00e0 la riche r\u00e9gion du nord-est de l&rsquo;Espagne de voir cet ex-ministre de la Sant\u00e9 de Pedro Sanchez acc\u00e9der \u00e0 la t\u00eate de l&rsquo;ex\u00e9cutif r\u00e9gional. Et il \u00e9tait temps : si aucun pr\u00e9sident n&rsquo;\u00e9tait \u00e9lu avant le 26 ao\u00fbt, un nouveau scrutin devrait \u00eatre convoqu\u00e9 en Catalogne.<\/p>\n\n\n\n<p>Salvador Illa pourrait devenir le premier pr\u00e9sident de l&rsquo;ex\u00e9cutif catalan \u00e0 ne pas \u00eatre issu des rangs d&rsquo;un parti nationaliste depuis 2010.<\/p>\n\n\n\n<p><em>Avec AFP<\/em><\/p>\n","protected":false},"excerpt":{"rendered":"<p>Devant quelques milliers de sympathisants, le leader ind\u00e9pendantiste catalan Carles Puigdemont a fait sa r\u00e9apparition en Espagne, \u00e0 Barcelone, jeudi,<\/p>\n","protected":false},"author":1,"featured_media":39940,"comment_status":"open","ping_status":"open","sticky":false,"template":"","format":"standard","meta":{"footnotes":""},"categories":[51],"tags":[],"class_list":["post-39939","post","type-post","status-publish","format-standard","has-post-thumbnail","hentry","category-general"],"_links":{"self":[{"href":"https:\/\/dekkbi.com\/index.php?rest_route=\/wp\/v2\/posts\/39939","targetHints":{"allow":["GET"]}}],"collection":[{"href":"https:\/\/dekkbi.com\/index.php?rest_route=\/wp\/v2\/posts"}],"about":[{"href":"https:\/\/dekkbi.com\/index.php?rest_route=\/wp\/v2\/types\/post"}],"author":[{"embeddable":true,"href":"https:\/\/dekkbi.com\/index.php?rest_route=\/wp\/v2\/users\/1"}],"replies":[{"embeddable":true,"href":"https:\/\/dekkbi.com\/index.php?rest_route=%2Fwp%2Fv2%2Fcomments&post=39939"}],"version-history":[{"count":1,"href":"https:\/\/dekkbi.com\/index.php?rest_route=\/wp\/v2\/posts\/39939\/revisions"}],"predecessor-version":[{"id":39941,"href":"https:\/\/dekkbi.com\/index.php?rest_route=\/wp\/v2\/posts\/39939\/revisions\/39941"}],"wp:featuredmedia":[{"embeddable":true,"href":"https:\/\/dekkbi.com\/index.php?rest_route=\/wp\/v2\/media\/39940"}],"wp:attachment":[{"href":"https:\/\/dekkbi.com\/index.php?rest_route=%2Fwp%2Fv2%2Fmedia&parent=39939"}],"wp:term":[{"taxonomy":"category","embeddable":true,"href":"https:\/\/dekkbi.com\/index.php?rest_route=%2Fwp%2Fv2%2Fcategories&post=39939"},{"taxonomy":"post_tag","embeddable":true,"href":"https:\/\/dekkbi.com\/index.php?rest_route=%2Fwp%2Fv2%2Ftags&post=39939"}],"curies":[{"name":"wp","href":"https:\/\/api.w.org\/{rel}","templated":true}]}}