{"id":39936,"date":"2024-08-08T13:15:20","date_gmt":"2024-08-08T13:15:20","guid":{"rendered":"https:\/\/dekkbi.com\/?p=39936"},"modified":"2024-08-08T13:15:21","modified_gmt":"2024-08-08T13:15:21","slug":"cinq-questions-pour-mieux-comprendre-les-emeutes-au-royaume-uni","status":"publish","type":"post","link":"https:\/\/dekkbi.com\/?p=39936","title":{"rendered":"Cinq questions pour mieux comprendre les \u00e9meutes au Royaume -Uni"},"content":{"rendered":"\n<p>Les autorit\u00e9s britanniques poussent un soupir de soulagement au lendemain d\u2019une soir\u00e9e o\u00f9 les craintes de violences d\u2019extr\u00eame droite, qui secouent le pays depuis une semaine apr\u00e8s le meurtre de trois fillettes, se sont dissip\u00e9es au profit de manifestations antiracistes pacifiques. Parenth\u00e8se temporaire ou vrai tournant dans le mouvement de protestation? On fait le point sur les raisons d\u2019une semaine agit\u00e9e outre &#8211; Manche.<\/p>\n\n\n\n<p>Le 29 juillet, trois fillettes \u00e2g\u00e9es de six \u00e0 neuf ans ont \u00e9t\u00e9 tu\u00e9es lors d\u2019une attaque lors d\u2019une soir\u00e9e dansante pour enfants sur le th\u00e8me de Taylor Swift dans la ville baln\u00e9aire de Southport, dans le nord de l\u2019Angleterre. Huit autres enfants et deux adultes ont \u00e9t\u00e9 bless\u00e9s.<\/p>\n\n\n\n<p>La police a arr\u00eat\u00e9 un jeune homme de 17 ans et de fausses informations ont circul\u00e9 sur les m\u00e9dias sociaux selon lesquelles le suspect \u00e9tait un migrant islamiste, ce qui a donn\u00e9 lieu \u00e0 de violentes manifestations antimusulmanes \u00e0 Southport le lendemain et \u00e0 une tentative d\u2019attaque contre la mosqu\u00e9e de la ville.<\/p>\n\n\n\n<p>L\u2019adolescent a depuis \u00e9t\u00e9 inculp\u00e9 de meurtre et de tentative de meurtre. La police a d\u00e9clar\u00e9 qu\u2019il \u00e9tait n\u00e9 en Grande-Bretagne et n\u2019a pas trait\u00e9 l\u2019attaque comme un acte terroriste.<\/p>\n\n\n\n<p>Au lendemain des troubles de Southport, plusieurs milliers de personnes se sont rassembl\u00e9es pr\u00e8s du cabinet du Premier ministre Keir Starmer \u00e0 Downing Street, dans le centre de Londres, et plus de 100 arrestations ont eu lieu \u00e0 la suite d\u2019affrontements avec la police.<\/p>\n\n\n\n<p>Depuis, des \u00e9meutes ont \u00e9clat\u00e9 dans plus de 20 villes britanniques, de Sunderland dans le nord-est \u00e0 Plymouth dans le sud-ouest et Belfast en Irlande du Nord. Dans la plupart des cas, quelques centaines de personnes s\u2019en sont pris aux migrants ou aux musulmans. Des v\u00e9hicules de police ont \u00e9t\u00e9 incendi\u00e9s et des briques, des bouteilles et d\u2019autres projectiles ont \u00e9t\u00e9 lanc\u00e9s contre des mosqu\u00e9es et des policiers. Des magasins, y compris des entreprises appartenant \u00e0 des Asiatiques, ont \u00e9t\u00e9 vandalis\u00e9s ou pill\u00e9s.<\/p>\n\n\n\n<p>\u00c0 Rotherham, dans le nord de l\u2019Angleterre, un h\u00f4tel accueillant des migrants a \u00e9t\u00e9 attaqu\u00e9: des fen\u00eatres ont \u00e9t\u00e9 bris\u00e9es et un grand conteneur \u00e0 ordures a \u00e9t\u00e9 incendi\u00e9 \u00e0 l\u2019ext\u00e9rieur. Selon les chefs de police, environ 400 personnes ont \u00e9t\u00e9 arr\u00eat\u00e9es depuis le d\u00e9but des troubles et plus de 120 personnes ont \u00e9t\u00e9 inculp\u00e9es dans le cadre des \u00e9meutes.<\/p>\n\n\n\n<p>Keir Starmer a d\u00e9clar\u00e9 que les violences \u00e9taient le fait de \u201cvoyous d\u2019extr\u00eame droite\u201d. Des militants anti-immigration et anti-musulmans tr\u00e8s connus, tels que Stephen Yaxley-Lennon, connu sous le nom de Tommy Robinson, ont fait la promotion des manifestations en ligne et ont \u00e9t\u00e9 accus\u00e9s par les politiciens et les m\u00e9dias de colporter des informations erron\u00e9es pour attiser les tensions. Robinson a accus\u00e9 les m\u00e9dias de mentir \u00e0 son sujet.<\/p>\n\n\n\n<p>Les entreprises de r\u00e9seaux sociaux ont \u00e9t\u00e9 accus\u00e9es par le gouvernement de ne pas faire assez pour arr\u00eater la propagation de la d\u00e9sinformation, tandis que le groupe de r\u00e9flexion de l\u2019Institut du dialogue strat\u00e9gique a d\u00e9clar\u00e9 que les algorithmes des entreprises avaient jou\u00e9 un r\u00f4le important dans l\u2019amplification des faux messages.<\/p>\n\n\n\n<p>La police a assur\u00e9 que les personnes impliqu\u00e9es dans les affrontements \u00e9taient principalement des agitateurs d\u2019extr\u00eame droite ext\u00e9rieurs \u00e0 leurs communes, mais que dans certains cas, ils avaient \u00e9t\u00e9 rejoints par des personnes ayant des revendications locales ou des jeunes cherchant \u00e0 participer aux troubles.<\/p>\n\n\n\n<p>De grands groupes de contre-manifestants et antifascistes se sont \u00e9galement rassembl\u00e9s dans certaines zones o\u00f9 des manifestations ont eu lieu ou \u00e9taient attendues.<\/p>\n\n\n\n<figure class=\"wp-block-image\"><a href=\"https:\/\/www.7sur7.be\/monde\/cinq-questions-pour-mieux-comprendre-les-emeutes-au-royaume-uni~a93cc51d\/246926086\/\"><img decoding=\"async\" src=\"https:\/\/images0.persgroep.net\/rcs\/4I5ucTQijRFqE2dYLqLWT9XEaJ8\/diocontent\/246926086\/_fitwidth\/694\/?appId=21791a8992982cd8da851550a453bd7f&amp;quality=0.8\" alt=\"REUTERS\"\/><\/a><figcaption class=\"wp-element-caption\">\u00a9 REUTERS<\/figcaption><\/figure>\n\n\n\n<p>De nombreux participants se d\u00e9crivent comme des patriotes qui affirment que les niveaux records d\u2019immigration ill\u00e9gale et l\u00e9gale minent la soci\u00e9t\u00e9 britannique. Certains militants d\u2019extr\u00eame droite affirment en ligne que l\u2019immigration a aliment\u00e9 la violence et la criminalit\u00e9, y compris les agressions contre les femmes et les jeunes filles, et que les migrants ont \u00e9t\u00e9 log\u00e9s et trait\u00e9s favorablement par les politiciens. Les groupes de d\u00e9fense des droits de l\u2019homme arguent que cela ne correspond pas \u00e0 la r\u00e9alit\u00e9.<\/p>\n\n\n\n<p>\u00c0 droite, certains accusent par ailleurs la police de traiter les manifestants \u201cpatriotiques\u201d plus s\u00e9v\u00e8rement que les personnes impliqu\u00e9es, par exemple, dans les r\u00e9centes marches pro-palestiniennes ou dans les manifestations \u201cBlack Lives Matters\u201d en 2020. Le gouvernement et la police ont r\u00e9fut\u00e9 cette all\u00e9gation, Mark Rowley, l\u2019officier le plus haut grad\u00e9 du Royaume-Uni, la qualifiant d\u2019absurde.<\/p>\n\n\n\n<p>Les groupes antiracistes affirment que le pillage des magasins et les attaques contre la police et les mosqu\u00e9es trahissent les v\u00e9ritables motivations de ceux qui sont \u00e0 l\u2019origine des violences qui ont \u00e9clat\u00e9 lors de nombreuses manifestations, ajoutant que le patriotisme est utilis\u00e9 comme un vernis pour l\u2019extr\u00e9misme.<\/p>\n\n\n\n<p>Dans un sondage YouGov publi\u00e9 mardi dernier, les trois quarts des personnes interrog\u00e9es ont d\u00e9clar\u00e9 que les \u00e9meutiers ne repr\u00e9sentaient pas le point de vue de l\u2019ensemble de la Grande-Bretagne, et 7 % d\u2019entre elles ont affirm\u00e9 qu\u2019elles soutenaient la violence.<\/p>\n\n\n\n<figure class=\"wp-block-image\"><a href=\"https:\/\/www.7sur7.be\/monde\/cinq-questions-pour-mieux-comprendre-les-emeutes-au-royaume-uni~a93cc51d\/246858216\/\"><img decoding=\"async\" src=\"https:\/\/images0.persgroep.net\/rcs\/1F0Tpx15Wg7NmvyIDRJZxdMk7gY\/diocontent\/246858216\/_fitwidth\/694\/?appId=21791a8992982cd8da851550a453bd7f&amp;quality=0.8\" alt=\"ANP \/ EPA\"\/><\/a><figcaption class=\"wp-element-caption\">\u00a9 ANP \/ EPA<\/figcaption><\/figure>\n\n\n\n<p>Pour r\u00e9primer les troubles, Keir Starmer a assur\u00e9 que les \u00e9meutiers seraient soumis \u00e0 la loi dans toute sa rigueur. Pr\u00e8s de 600 places de prison suppl\u00e9mentaires sont mises \u00e0 disposition et des officiers sp\u00e9cialis\u00e9s sont mobilis\u00e9s. Mercredi, un Britannique de 58 ans a \u00e9t\u00e9 condamn\u00e9 \u00e0 trois ans de prison pour troubles violents par la Liverpool Crown Court, l\u2019une des premi\u00e8res peines prononc\u00e9es \u00e0 la suite des \u00e9meutes.<\/p>\n\n\n\n<p>Le gouvernement a \u00e9galement promis de s\u2019en prendre non seulement aux \u00e9meutiers, mais aussi \u00e0 ceux qui ont utilis\u00e9 les r\u00e9seaux sociaux pour semer le trouble. Un homme a \u00e9t\u00e9 inculp\u00e9 pour avoir adopt\u00e9 un comportement visant \u00e0 attiser la haine raciale dans des messages publi\u00e9s sur Facebook.<\/p>\n\n\n\n<p>Le ministre britannique des Sciences, Peter Kyle, a rencontr\u00e9 des repr\u00e9sentants de TikTok, Meta, Google et X pour leur faire comprendre qu\u2019ils avaient la responsabilit\u00e9 de contribuer \u00e0 mettre fin \u00e0 l\u2019incitation et \u00e0 la diffusion de fausses informations.<\/p>\n","protected":false},"excerpt":{"rendered":"<p>Les autorit\u00e9s britanniques poussent un soupir de soulagement au lendemain d\u2019une soir\u00e9e o\u00f9 les craintes de violences d\u2019extr\u00eame droite, qui<\/p>\n","protected":false},"author":1,"featured_media":39937,"comment_status":"open","ping_status":"open","sticky":false,"template":"","format":"standard","meta":{"footnotes":""},"categories":[51],"tags":[],"class_list":["post-39936","post","type-post","status-publish","format-standard","has-post-thumbnail","hentry","category-general"],"_links":{"self":[{"href":"https:\/\/dekkbi.com\/index.php?rest_route=\/wp\/v2\/posts\/39936","targetHints":{"allow":["GET"]}}],"collection":[{"href":"https:\/\/dekkbi.com\/index.php?rest_route=\/wp\/v2\/posts"}],"about":[{"href":"https:\/\/dekkbi.com\/index.php?rest_route=\/wp\/v2\/types\/post"}],"author":[{"embeddable":true,"href":"https:\/\/dekkbi.com\/index.php?rest_route=\/wp\/v2\/users\/1"}],"replies":[{"embeddable":true,"href":"https:\/\/dekkbi.com\/index.php?rest_route=%2Fwp%2Fv2%2Fcomments&post=39936"}],"version-history":[{"count":1,"href":"https:\/\/dekkbi.com\/index.php?rest_route=\/wp\/v2\/posts\/39936\/revisions"}],"predecessor-version":[{"id":39938,"href":"https:\/\/dekkbi.com\/index.php?rest_route=\/wp\/v2\/posts\/39936\/revisions\/39938"}],"wp:featuredmedia":[{"embeddable":true,"href":"https:\/\/dekkbi.com\/index.php?rest_route=\/wp\/v2\/media\/39937"}],"wp:attachment":[{"href":"https:\/\/dekkbi.com\/index.php?rest_route=%2Fwp%2Fv2%2Fmedia&parent=39936"}],"wp:term":[{"taxonomy":"category","embeddable":true,"href":"https:\/\/dekkbi.com\/index.php?rest_route=%2Fwp%2Fv2%2Fcategories&post=39936"},{"taxonomy":"post_tag","embeddable":true,"href":"https:\/\/dekkbi.com\/index.php?rest_route=%2Fwp%2Fv2%2Ftags&post=39936"}],"curies":[{"name":"wp","href":"https:\/\/api.w.org\/{rel}","templated":true}]}}