{"id":3985,"date":"2022-11-28T13:27:41","date_gmt":"2022-11-28T13:27:41","guid":{"rendered":"https:\/\/dekkbi.com\/?p=3985"},"modified":"2022-11-28T16:09:48","modified_gmt":"2022-11-28T16:09:48","slug":"rdc-la-prochaine-election-presidentielle-se-tiendra-le-20-decembre-2023","status":"publish","type":"post","link":"https:\/\/dekkbi.com\/?p=3985","title":{"rendered":"RDC: l&rsquo;\u00e9lection pr\u00e9sidentielle se tiendra le 20 d\u00e9cembre 2023"},"content":{"rendered":"\n<p>La prochaine \u00e9lection pr\u00e9sidentielle en R\u00e9publique d\u00e9mocratique du Congo (RDC) aura lieu le 20 d\u00e9cembre 2023. Elle pourrait notamment opposer comme en 2018 l&rsquo;actuel pr\u00e9sident F\u00e9lix Tshisekedi \u00e0 Martin Fayulu.<\/p>\n\n\n\n<p><a href=\"https:\/\/www.addthis.com\/bookmark.php?v=300\"><\/a><a href=\"https:\/\/www.addthis.com\/bookmark.php?v=300\"><\/a><a href=\"https:\/\/www.addthis.com\/bookmark.php?v=300\"><\/a><a href=\"https:\/\/www.addthis.com\/bookmark.php?v=300\"><\/a><\/p>\n\n\n\n<p>L&rsquo;annonce de la date, faite samedi par la Commission \u00e9lectorale nationale ind\u00e9pendante (Ceni), intervient alors que l&rsquo;est du pays reste en proie aux violences de groupes arm\u00e9s, dont la r\u00e9bellion du M23 qui contr\u00f4le une partie d&rsquo;un territoire du Nord-Kivu.<\/p>\n\n\n\n<blockquote class=\"wp-block-quote is-layout-flow wp-block-quote-is-layout-flow\">\n<p>PUBLICATION DU CALENDRIER \u00c9LECTORAL |&nbsp;<a href=\"https:\/\/t.co\/8ZidP9iOIe\">https:\/\/t.co\/8ZidP9iOIe<\/a>\u2014 Ceni-RDC (@cenirdc)&nbsp;<a href=\"https:\/\/twitter.com\/cenirdc\/status\/1596443682722516994?ref_src=twsrc%5Etfw\">November 26, 2022<\/a><\/p>\n<\/blockquote>\n\n\n\n<h2 class=\"wp-block-heading\"><br>La question de l&rsquo;ins\u00e9curit\u00e9 un d\u00e9fi pour la CENI<\/h2>\n\n\n\n<p><em>\u00ab\u00a0L&rsquo;ins\u00e9curit\u00e9 persistante dans certaines parties du territoire\u00a0\u00bb<\/em>&nbsp;est un des&nbsp;<em>\u00ab\u00a0d\u00e9fis\u00a0\u00bb&nbsp;<\/em>\u00e0 relever par la Ceni pour organiser dans les temps un scrutin qu&rsquo;elle veut&nbsp;<em>\u00ab\u00a0libre, d\u00e9mocratique, transparent\u00a0\u00bb,<\/em>&nbsp;a d\u00e9clar\u00e9 son pr\u00e9sident, Denis Kadima qui a lu le calendrier \u00e9lectoral au si\u00e8ge de la commission.<\/p>\n\n\n\n<p>Des experts ont en outre manifest\u00e9 leurs doutes sur un processus qui, selon eux, a pris&nbsp;<em>\u00ab\u00a0un mauvais d\u00e9part\u00a0\u00bb&nbsp;<\/em>et risque encore une fois d&rsquo;aboutir \u00e0 une \u00e9lection contest\u00e9e.<br>En RDC, la pr\u00e9sidentielle est une \u00e9lection \u00e0 un seul tour, coupl\u00e9e aux l\u00e9gislatives ainsi qu&rsquo;aux \u00e9lections des d\u00e9put\u00e9s provinciaux et des conseillers communaux.<\/p>\n\n\n\n<p>La prestation de serment du pr\u00e9sident \u00e9lu aura lieu le 20 janvier 2024, a pr\u00e9cis\u00e9 la Ceni. Le pr\u00e9sident F\u00e9lix Tshisekedi, qui a succ\u00e9d\u00e9 \u00e0 Joseph Kabila en janvier 2019 \u00e0 l&rsquo;issue d&rsquo;une \u00e9lection controvers\u00e9e, a d\u00e9j\u00e0 exprim\u00e9 son intention de se repr\u00e9senter.<\/p>\n\n\n\n<p>Parmi les autres candidats possibles figure Martin Fayulu, qui continue d&rsquo;ailleurs d&rsquo;affirmer avoir remport\u00e9 celle de 2018 et \u00e9t\u00e9 priv\u00e9 de sa victoire.<\/p>\n\n\n\n<h2 class=\"wp-block-heading\">Inqui\u00e9tudes<\/h2>\n\n\n\n<p>D&rsquo;autres potentiels candidats tels que l&rsquo;ancien Premier ministre Adolphe Muzito ou encore l&rsquo;ancien gouverneur du Katanga Mo\u00efse Katumbi, ne se sont pas encore prononc\u00e9s clairement.<\/p>\n\n\n\n<p>L&rsquo;ancien Premier ministre Augustin Matata Ponyo (2012-2016) a de son c\u00f4t\u00e9 fait part de son intention de se pr\u00e9senter.<\/p>\n\n\n\n<p>Des poursuites engag\u00e9es contre lui pour d\u00e9tournement pr\u00e9sum\u00e9 de fonds publics, qu&rsquo;il conteste, avaient tourn\u00e9 court en novembre dernie. En effdet la Cour constitutionnelle avait estim\u00e9 qu&rsquo;elle n&rsquo;\u00e9tait pas comp\u00e9tente pour le juger. La voie \u00e9tait alors d\u00e9gag\u00e9e pour lui. Mais la composition de la Cour a chang\u00e9 et celle-ci se consid\u00e8re maintenant en mesure de le juger, laissant entrevoir un proc\u00e8s.<\/p>\n\n\n\n<p>Chargement du lecteur&#8230;<\/p>\n\n\n\n<p>Dans un rapport publi\u00e9 en octobre, des chercheurs des organisations Groupe d&rsquo;\u00e9tude sur le Congo(GREC) et Ebuteli, li\u00e9es \u00e0 l&rsquo;Universit\u00e9 de New York (NYU), s&rsquo;inqui\u00e9taient d&rsquo;un&nbsp;<em>\u00ab\u00a0processus mal embarqu\u00e9\u00a0\u00bb<\/em>&nbsp;et d&rsquo;un&nbsp;<em>\u00ab\u00a0d\u00e9ficit de confiance\u00a0\u00bb<\/em>&nbsp;porteurs, selon eux, de risques de&nbsp;<em>\u00ab\u00a0violentes protestations\u00a0\u00bb.<\/em><\/p>\n\n\n\n<p><em>\u00ab\u00a0La mainmise politique persiste sur les institutions impliqu\u00e9es dans la gestion du processus \u00e9lectoral\u00a0\u00bb<\/em>, analysaient-ils.<\/p>\n\n\n\n<p>En RDC, les r\u00e9sultats de la pr\u00e9sidentielle sont parfois violemment contest\u00e9s, comme en 2006 et 2011, avec \u00e0 la cl\u00e9 des dizaines de morts.<\/p>\n\n\n\n<p>D&rsquo;autres inqui\u00e9tudes se manifestent dans le pays au regard du regain de tension li\u00e9 \u00e0 la r\u00e9bellion du \u00ab\u00a0Mouvement du 23 mars\u00a0\u00bb (M23), qui s&rsquo;est empar\u00e9e r\u00e9cemment de larges portions d&rsquo;un territoire au nord de Goma, capitale provinciale du Nord-Kivu dans l&rsquo;est.<\/p>\n\n\n\n<p>Les combats ont notamment provoqu\u00e9 le d\u00e9placement de dizaines de milliers de personnes ces derniers mois.<\/p>\n\n\n\n<p>Plusieurs initiatives diplomatiques sont en cours pour tenter de ramener la paix et d&rsquo;apaiser les tensions entre la RDC et le Rwanda, accus\u00e9 par Kinshasa de soutenir le M23. Un mini-sommet cette semaine \u00e0 Luanda a d\u00e9cid\u00e9 un cessez-le-feu \u00e0 partir de vendredi soir. Les lignes de front semblaient calmes samedi, mais la r\u00e9gion, habitu\u00e9e aux engagements non tenus, reste tr\u00e8s sceptique.<\/p>\n\n\n\n<p>Cette question s\u00e9curitaire doit n\u00e9cessairement \u00eatre prise en compte pour garantir&nbsp;<em>\u00ab\u00a0l&rsquo;inclusivit\u00e9\u00a0\u00bb&nbsp;<\/em>du scrutin, a r\u00e9agi Jonas Tshombela, pr\u00e9sident de la Nouvelle soci\u00e9t\u00e9 civile du Congo.<\/p>\n\n\n\n<h2 class=\"wp-block-heading\">Une clause d&rsquo;ins\u00e9curit\u00e9 pour ne pas organiser le scrutin<\/h2>\n\n\n\n<p>En annon\u00e7ant la date du 20 d\u00e9cembre 2023, \u00ab\u00a0<em>la Ceni est en train de tenter de nous convaincre que l&rsquo;\u00e9lection pr\u00e9sidentielle va avoir lieu dans le d\u00e9lai constitutionnel, ce que nous appr\u00e9cions d\u00e9j\u00e0\u00a0\u00bb<\/em>, a-t-il ajout\u00e9, promettant d'\u00a0\u00bbexaminer de pr\u00e8s\u00a0\u00bb ce calendrier.<\/p>\n\n\n\n<p>Beaucoup pensaient que le gouvernement&nbsp;<em>\u00ab\u00a0utiliserait la cause de l&rsquo;ins\u00e9curit\u00e9<\/em>\u00a0\u00bb pour ne pas organiser le scrutin, a soulign\u00e9 \u00e0 des journalistes le porte-parole du gouvernement, Patrick Muyaya.<\/p>\n\n\n\n<p>Selon lui,&nbsp;<em>\u00ab\u00a0le mat\u00e9riel \u00e9lectoral de la Ceni dans le territoire de Rutshuru a \u00e9t\u00e9 saccag\u00e9, mais cela ne nous emp\u00eache pas de travailler (&#8230;) pour permettre au processus de se faire au m\u00eame moment, au m\u00eame rythme\u00a0\u00bb<\/em>&nbsp;partout dans le pays.<\/p>\n\n\n\n<p>Par ailleurs, la question du \u00ab\u00a0financement des \u00e9lections fait partie des priorit\u00e9s du gouvernement\u00a0\u00bb, a-t-il assur\u00e9: \u00ab\u00a0en ce jour, aucun partenaire financier n&rsquo;a donn\u00e9 un quelconque dollar. Le gouvernement pour l&rsquo;exercice 2022 s&rsquo;est acquitt\u00e9 aujourd&rsquo;hui de 80%, minimum, de ce qu&rsquo;il doit payer\u00a0\u00bb.<\/p>\n\n\n\n<p>AFP<\/p>\n\n\n\n<p><\/p>\n","protected":false},"excerpt":{"rendered":"<p>La prochaine \u00e9lection pr\u00e9sidentielle en R\u00e9publique d\u00e9mocratique du Congo (RDC) aura lieu le 20 d\u00e9cembre 2023. Elle pourrait notamment opposer<\/p>\n","protected":false},"author":1,"featured_media":3986,"comment_status":"open","ping_status":"open","sticky":false,"template":"","format":"standard","meta":{"footnotes":""},"categories":[51],"tags":[],"class_list":["post-3985","post","type-post","status-publish","format-standard","has-post-thumbnail","hentry","category-general"],"_links":{"self":[{"href":"https:\/\/dekkbi.com\/index.php?rest_route=\/wp\/v2\/posts\/3985","targetHints":{"allow":["GET"]}}],"collection":[{"href":"https:\/\/dekkbi.com\/index.php?rest_route=\/wp\/v2\/posts"}],"about":[{"href":"https:\/\/dekkbi.com\/index.php?rest_route=\/wp\/v2\/types\/post"}],"author":[{"embeddable":true,"href":"https:\/\/dekkbi.com\/index.php?rest_route=\/wp\/v2\/users\/1"}],"replies":[{"embeddable":true,"href":"https:\/\/dekkbi.com\/index.php?rest_route=%2Fwp%2Fv2%2Fcomments&post=3985"}],"version-history":[{"count":2,"href":"https:\/\/dekkbi.com\/index.php?rest_route=\/wp\/v2\/posts\/3985\/revisions"}],"predecessor-version":[{"id":4017,"href":"https:\/\/dekkbi.com\/index.php?rest_route=\/wp\/v2\/posts\/3985\/revisions\/4017"}],"wp:featuredmedia":[{"embeddable":true,"href":"https:\/\/dekkbi.com\/index.php?rest_route=\/wp\/v2\/media\/3986"}],"wp:attachment":[{"href":"https:\/\/dekkbi.com\/index.php?rest_route=%2Fwp%2Fv2%2Fmedia&parent=3985"}],"wp:term":[{"taxonomy":"category","embeddable":true,"href":"https:\/\/dekkbi.com\/index.php?rest_route=%2Fwp%2Fv2%2Fcategories&post=3985"},{"taxonomy":"post_tag","embeddable":true,"href":"https:\/\/dekkbi.com\/index.php?rest_route=%2Fwp%2Fv2%2Ftags&post=3985"}],"curies":[{"name":"wp","href":"https:\/\/api.w.org\/{rel}","templated":true}]}}