{"id":39811,"date":"2024-08-07T10:38:03","date_gmt":"2024-08-07T10:38:03","guid":{"rendered":"https:\/\/dekkbi.com\/?p=39811"},"modified":"2024-08-07T10:38:04","modified_gmt":"2024-08-07T10:38:04","slug":"demi-finale-110-metres-haies-louis-francois-mendy-sort-de-sa-bulle","status":"publish","type":"post","link":"https:\/\/dekkbi.com\/?p=39811","title":{"rendered":"Demi-finale 110 m\u00e8tres haies : Louis Fran\u00e7ois Mendy sort de sa bulle"},"content":{"rendered":"\n<p><strong>Louis Fran\u00e7ois Mendy redescend sur les pistes apr\u00e8s 72 heures d\u2019isolement pour les besoins d\u2019une bonne pr\u00e9paration. Le hurdler s\u00e9n\u00e9galais, champion d\u2019Afrique en titre, va tenter de rejoindre la finale du 110 m\u00e8tres pr\u00e9vue demain 8 ao\u00fbt \u00e0 partir de 19h 45. Apr\u00e8s une tonitruante entr\u00e9e en lice dimanche dernier, le porte-drapeau de la d\u00e9l\u00e9gation s\u00e9n\u00e9galaise va tenter confirmer en demies ce soir (17 h 05 GMT).<\/strong><\/p>\n\n\n\n<p><strong>(PARIS, France) \u2013<\/strong>&nbsp;Pas un mot. Pas une seule d\u00e9claration depuis sa brillante prestation le 4 ao\u00fbt dernier. Louis Fran\u00e7ois Mendy vise l\u2019olympe. \u00abJe veux \u00eatre la deuxi\u00e8me athl\u00e8te \u00e0 apporter une m\u00e9daille au S\u00e9n\u00e9gal&nbsp;\u00bb, aime r\u00e9p\u00e9ter le champion d\u2019Afrique en titre. Et d\u2019ajouter, \u00abce n\u2019est pas de la pr\u00e9tention. J\u2019ai les moyens de le faire&nbsp;\u00bb.<\/p>\n\n\n\n<p>Dimanche dernier, il avait r\u00e9alis\u00e9 un chrono de \u00abouf\u00bb, avec de 13 secondes 31, sa meilleure performance de la saison. Avant que les journalistes ne rejoignent la zone mixte, la coqueluche de l\u2019athl\u00e9tisme s\u00e9n\u00e9galais avait d\u00e9j\u00e0 quitt\u00e9 les lieux. Tel Usain Bolt, il avait fini de rejoindre le village olympique. Next Step, les demi-finales pr\u00e9vues ce soir au stade de France \u00e0 partir de 17h 05 GMT. Le S\u00e9n\u00e9galais sera align\u00e9 au couloir num\u00e9ro 4.<\/p>\n\n\n\n<p>S\u2019il a fait un faux d\u00e9part aux championnats du monde d\u2019athl\u00e9tisme (19 au 27 ao\u00fbt 2023), \u00e0 Budapest, en Hongrie, le hurdler a appris \u00e0 ma\u00eetriser ses courses. Align\u00e9 au couloir 9 (couloir dit aveugle), lors des s\u00e9ries aux JO Paris 2024, au stade de France, il a presque couru seul, ce qui confirme sa d\u00e9termination. Il avait termin\u00e9 premier devant le Jama\u00efcain Orlando Bennetto (13\u2019\u201935) et le Belge Micheal Obasuyi (13\u2019\u201941). Quant \u00e0 l\u2019Am\u00e9ricain Crittenden, auteur pourtant d\u2019un chrono de 12\u2019\u201993 aussi bien sa meilleure performance de la saison et de l\u2019ann\u00e9e, il a termin\u00e9 \u00e0 la derni\u00e8re place avec 18\u2019\u201927 et contraint de passer par le rep\u00eachage pour composter son ticket pour les demies.\u2028Au classement g\u00e9n\u00e9ral, le s\u00e9n\u00e9galais occupe la 7eme place.<\/p>\n\n\n\n<p>Les deux premiers des trois s\u00e9ries et les deux meilleurs temps suivants se qualifient pour la finale.<\/p>\n\n\n\n<p>A noter que le record du monde sur 110 m\u00e8tres haies est d\u00e9tenu par l\u2019Am\u00e9ricain Aries Merritt (12 secondes 80) et le record olympique par le Chinois Xiang Liu (12 secondes 91).<\/p>\n\n\n\n<p><strong>Abdoulaye Boubou THIAM<\/strong><\/p>\n\n\n\n<p><strong>(Envoy\u00e9 Sp\u00e9cial)<\/strong><\/p>\n","protected":false},"excerpt":{"rendered":"<p>Louis Fran\u00e7ois Mendy redescend sur les pistes apr\u00e8s 72 heures d\u2019isolement pour les besoins d\u2019une bonne pr\u00e9paration. Le hurdler s\u00e9n\u00e9galais,<\/p>\n","protected":false},"author":1,"featured_media":33165,"comment_status":"open","ping_status":"open","sticky":false,"template":"","format":"standard","meta":{"footnotes":""},"categories":[9],"tags":[],"class_list":["post-39811","post","type-post","status-publish","format-standard","has-post-thumbnail","hentry","category-sports"],"_links":{"self":[{"href":"https:\/\/dekkbi.com\/index.php?rest_route=\/wp\/v2\/posts\/39811","targetHints":{"allow":["GET"]}}],"collection":[{"href":"https:\/\/dekkbi.com\/index.php?rest_route=\/wp\/v2\/posts"}],"about":[{"href":"https:\/\/dekkbi.com\/index.php?rest_route=\/wp\/v2\/types\/post"}],"author":[{"embeddable":true,"href":"https:\/\/dekkbi.com\/index.php?rest_route=\/wp\/v2\/users\/1"}],"replies":[{"embeddable":true,"href":"https:\/\/dekkbi.com\/index.php?rest_route=%2Fwp%2Fv2%2Fcomments&post=39811"}],"version-history":[{"count":1,"href":"https:\/\/dekkbi.com\/index.php?rest_route=\/wp\/v2\/posts\/39811\/revisions"}],"predecessor-version":[{"id":39812,"href":"https:\/\/dekkbi.com\/index.php?rest_route=\/wp\/v2\/posts\/39811\/revisions\/39812"}],"wp:featuredmedia":[{"embeddable":true,"href":"https:\/\/dekkbi.com\/index.php?rest_route=\/wp\/v2\/media\/33165"}],"wp:attachment":[{"href":"https:\/\/dekkbi.com\/index.php?rest_route=%2Fwp%2Fv2%2Fmedia&parent=39811"}],"wp:term":[{"taxonomy":"category","embeddable":true,"href":"https:\/\/dekkbi.com\/index.php?rest_route=%2Fwp%2Fv2%2Fcategories&post=39811"},{"taxonomy":"post_tag","embeddable":true,"href":"https:\/\/dekkbi.com\/index.php?rest_route=%2Fwp%2Fv2%2Ftags&post=39811"}],"curies":[{"name":"wp","href":"https:\/\/api.w.org\/{rel}","templated":true}]}}