{"id":3979,"date":"2022-11-28T12:02:01","date_gmt":"2022-11-28T12:02:01","guid":{"rendered":"https:\/\/dekkbi.com\/?p=3979"},"modified":"2022-11-28T12:02:03","modified_gmt":"2022-11-28T12:02:03","slug":"europol-annonce-le-demantelement-dun-super-cartel-de-la-cocaine-a-dubai-et-en-europe","status":"publish","type":"post","link":"https:\/\/dekkbi.com\/?p=3979","title":{"rendered":"Europol annonce le d\u00e9mant\u00e8lement d&rsquo;un \u00absuper-cartel\u00bb de la coca\u00efne \u00e0 Duba\u00ef et en Europe"},"content":{"rendered":"\n<p>Des policiers ont d\u00e9mantel\u00e9 un \u00ab super-cartel \u00bb de la drogue qui contr\u00f4lait environ un tiers du trafic de coca\u00efne en Europe et arr\u00eat\u00e9 49 suspects dans divers pays, dont six d&rsquo;importance \u00e0 Duba\u00ef, a annonc\u00e9 lundi Europol.<\/p>\n\n\n\n<p>Cette vaste op\u00e9ration internationale a permis la saisie de 30 tonnes de coca\u00efne, avec des arrestations en France, en Espagne, en Belgique et aux Pays-Bas,\u00a0ajoute\u00a0dans un communiqu\u00e9 l&rsquo;Office europ\u00e9en de police, dont le si\u00e8ge est aux Pays-Bas. \u00ab\u00a0<em>Les barons de la drogue, consid\u00e9r\u00e9s comme des cibles de grand int\u00e9r\u00eat par Europol, s&rsquo;\u00e9taient alli\u00e9s pour constituer ce qui \u00e9tait connu comme un super-cartel qui contr\u00f4lait environ un tiers du commerce de la coca\u00efne en Europe\u00a0<\/em>\u00bb, selon Europol.<\/p>\n\n\n\n<p>\u00ab&nbsp;<em>L&rsquo;ampleur de l&rsquo;importation de coca\u00efne en Europe sous le contr\u00f4le et le commandement des suspects \u00e9tait massive. Et plus de 30 tonnes de drogues ont \u00e9t\u00e9 saisies par les forces de l&rsquo;ordre durant les investigations<\/em>&nbsp;\u00bb, pr\u00e9cise l&rsquo;agence europ\u00e9enne.<\/p>\n\n\n\n<p>Duba\u00ef a arr\u00eat\u00e9 deux suspects offrant un \u00ab&nbsp;<em>grand int\u00e9r\u00eat<\/em>&nbsp;\u00bb, li\u00e9s aux Pays-Bas, deux autres li\u00e9s \u00e0 l&rsquo;Espagne et deux li\u00e9s \u00e0 la France. L&rsquo;un des suspects n\u00e9erlandais est un \u00ab&nbsp;<em>extr\u00eamement gros poisson<\/em>&nbsp;\u00bb, a dit \u00e0 l&rsquo;AFP une source d&rsquo;Europol sous condition de l&rsquo;anonymat. Outre les six arrestations \u00e0 Duba\u00ef, treize personnes ont \u00e9t\u00e9 arr\u00eat\u00e9es en Espagne, six en France et dix en Belgique. Parall\u00e8lement, quatorze personnes avaient \u00e9t\u00e9 arr\u00eat\u00e9es en 2021 aux Pays-Bas dans le cadre de la m\u00eame op\u00e9ration, selon cette source.<\/p>\n\n\n\n<p><\/p>\n\n\n\n<h2 class=\"wp-block-heading\">Une demande d&rsquo;extradition pour deux suspects<\/h2>\n\n\n\n<p>Le parquet n\u00e9erlandais a indiqu\u00e9 qu&rsquo;il comptait demander aupr\u00e8s des \u00c9mirats arabes unis l&rsquo;extradition des deux suspects li\u00e9s aux Pays-Bas arr\u00eat\u00e9s \u00e0 Duba\u00ef. L&rsquo;un est un homme \u00e2g\u00e9 de 37 ans avec la double nationalit\u00e9 n\u00e9erlandaise et marocaine, accus\u00e9 d&rsquo;avoir import\u00e9 des milliers de kilogrammes de coca\u00efne aux Pays-Bas en 2020 et 2021. L&rsquo;autre est un homme \u00e2g\u00e9 de 40 ans avec la double nationalit\u00e9 n\u00e9erlandaise et bosniaque, selon le parquet.<\/p>\n\n\n\n<p>\u00ab&nbsp;<em>Il s&rsquo;agit d&rsquo;infractions criminelles graves li\u00e9es au trafic international de drogue, principalement depuis l&rsquo;Am\u00e9rique du Sud via les ports d&rsquo;Anvers et Rotterdam<\/em>&nbsp;\u00bb, selon un communiqu\u00e9 du parquet n\u00e9erlandais.<\/p>\n\n\n\n<p><\/p>\n\n\n\n<p>(<em>Avec<\/em>&nbsp;AFP)<\/p>\n","protected":false},"excerpt":{"rendered":"<p>Des policiers ont d\u00e9mantel\u00e9 un \u00ab super-cartel \u00bb de la drogue qui contr\u00f4lait environ un tiers du trafic de coca\u00efne<\/p>\n","protected":false},"author":1,"featured_media":3980,"comment_status":"open","ping_status":"open","sticky":false,"template":"","format":"standard","meta":{"footnotes":""},"categories":[51],"tags":[],"class_list":["post-3979","post","type-post","status-publish","format-standard","has-post-thumbnail","hentry","category-general"],"_links":{"self":[{"href":"https:\/\/dekkbi.com\/index.php?rest_route=\/wp\/v2\/posts\/3979","targetHints":{"allow":["GET"]}}],"collection":[{"href":"https:\/\/dekkbi.com\/index.php?rest_route=\/wp\/v2\/posts"}],"about":[{"href":"https:\/\/dekkbi.com\/index.php?rest_route=\/wp\/v2\/types\/post"}],"author":[{"embeddable":true,"href":"https:\/\/dekkbi.com\/index.php?rest_route=\/wp\/v2\/users\/1"}],"replies":[{"embeddable":true,"href":"https:\/\/dekkbi.com\/index.php?rest_route=%2Fwp%2Fv2%2Fcomments&post=3979"}],"version-history":[{"count":1,"href":"https:\/\/dekkbi.com\/index.php?rest_route=\/wp\/v2\/posts\/3979\/revisions"}],"predecessor-version":[{"id":3981,"href":"https:\/\/dekkbi.com\/index.php?rest_route=\/wp\/v2\/posts\/3979\/revisions\/3981"}],"wp:featuredmedia":[{"embeddable":true,"href":"https:\/\/dekkbi.com\/index.php?rest_route=\/wp\/v2\/media\/3980"}],"wp:attachment":[{"href":"https:\/\/dekkbi.com\/index.php?rest_route=%2Fwp%2Fv2%2Fmedia&parent=3979"}],"wp:term":[{"taxonomy":"category","embeddable":true,"href":"https:\/\/dekkbi.com\/index.php?rest_route=%2Fwp%2Fv2%2Fcategories&post=3979"},{"taxonomy":"post_tag","embeddable":true,"href":"https:\/\/dekkbi.com\/index.php?rest_route=%2Fwp%2Fv2%2Ftags&post=3979"}],"curies":[{"name":"wp","href":"https:\/\/api.w.org\/{rel}","templated":true}]}}