{"id":39787,"date":"2024-08-07T09:39:35","date_gmt":"2024-08-07T09:39:35","guid":{"rendered":"https:\/\/dekkbi.com\/?p=39787"},"modified":"2024-08-07T09:39:36","modified_gmt":"2024-08-07T09:39:36","slug":"presidentielle-en-tunisie-kais-saied-a-depose-sa-candidature-medias","status":"publish","type":"post","link":"https:\/\/dekkbi.com\/?p=39787","title":{"rendered":"Pr\u00e9sidentielle en Tunisie: Ka\u00efs Sa\u00efed a d\u00e9pos\u00e9 sa candidature (m\u00e9dias)"},"content":{"rendered":"\n<p>Dakar, (APS) &#8211; Le pr\u00e9sident tunisien, Ka\u00efs Sa\u00efed, a d\u00e9pos\u00e9 sa candidature \u00e0 l\u2019\u00e9lection pr\u00e9sidentielle pr\u00e9vue le 6 octobre prochain, ont annonc\u00e9 plusieurs m\u00e9dias.<\/p>\n\n\n\n<p>\u00c9lu en 2029, M. Sa\u00efed, 66 ans, va briguer un second mandat. Il a en m\u00eame temps d\u00e9pos\u00e9 lundi 242 224 signatures d\u2019\u00e9lecteurs, ont indiqu\u00e9 les m\u00eames sources.<\/p>\n\n\n\n<p>D\u2019apr\u00e8s la loi \u00e9lectorale tunisienne, chaque candidat doit r\u00e9unir 10 000 signatures pour pr\u00e9tendre participer au scrutin pr\u00e9sidentiel.<\/p>\n\n\n\n<p>Le pr\u00e9sident sortant, candidat \u00e0 sa propre succession, a d\u00e9clar\u00e9 \u00e0 journalistes que sa candidature s\u2019inscrit dans le cadre d\u2019une \u2018\u2019guerre de lib\u00e9ration et d\u2019autod\u00e9termination\u2019\u2019 visant \u00e0 \u2018\u2019\u00e9tablir une nouvelle R\u00e9publique\u2019\u2019.<\/p>\n\n\n\n<p>La liste compl\u00e8te des candidatures retenues sera publi\u00e9e d\u2019ici samedi, alors que deux pr\u00e9tendants ont \u00e9t\u00e9 condamn\u00e9s \u00e0 des peines de prison lundi, soulignent des sources m\u00e9diatiques.<\/p>\n\n\n\n<p>Elles rappellent que les \u00e9lections locales de l\u2019ann\u00e9e derni\u00e8re ont connu un taux de participation de 11%.<\/p>\n\n\n\n<p>ABB\/SBS\/AKS<\/p>\n","protected":false},"excerpt":{"rendered":"<p>Dakar, (APS) &#8211; Le pr\u00e9sident tunisien, Ka\u00efs Sa\u00efed, a d\u00e9pos\u00e9 sa candidature \u00e0 l\u2019\u00e9lection pr\u00e9sidentielle pr\u00e9vue le 6 octobre prochain,<\/p>\n","protected":false},"author":1,"featured_media":39788,"comment_status":"open","ping_status":"open","sticky":false,"template":"","format":"standard","meta":{"footnotes":""},"categories":[51],"tags":[],"class_list":["post-39787","post","type-post","status-publish","format-standard","has-post-thumbnail","hentry","category-general"],"_links":{"self":[{"href":"https:\/\/dekkbi.com\/index.php?rest_route=\/wp\/v2\/posts\/39787","targetHints":{"allow":["GET"]}}],"collection":[{"href":"https:\/\/dekkbi.com\/index.php?rest_route=\/wp\/v2\/posts"}],"about":[{"href":"https:\/\/dekkbi.com\/index.php?rest_route=\/wp\/v2\/types\/post"}],"author":[{"embeddable":true,"href":"https:\/\/dekkbi.com\/index.php?rest_route=\/wp\/v2\/users\/1"}],"replies":[{"embeddable":true,"href":"https:\/\/dekkbi.com\/index.php?rest_route=%2Fwp%2Fv2%2Fcomments&post=39787"}],"version-history":[{"count":1,"href":"https:\/\/dekkbi.com\/index.php?rest_route=\/wp\/v2\/posts\/39787\/revisions"}],"predecessor-version":[{"id":39789,"href":"https:\/\/dekkbi.com\/index.php?rest_route=\/wp\/v2\/posts\/39787\/revisions\/39789"}],"wp:featuredmedia":[{"embeddable":true,"href":"https:\/\/dekkbi.com\/index.php?rest_route=\/wp\/v2\/media\/39788"}],"wp:attachment":[{"href":"https:\/\/dekkbi.com\/index.php?rest_route=%2Fwp%2Fv2%2Fmedia&parent=39787"}],"wp:term":[{"taxonomy":"category","embeddable":true,"href":"https:\/\/dekkbi.com\/index.php?rest_route=%2Fwp%2Fv2%2Fcategories&post=39787"},{"taxonomy":"post_tag","embeddable":true,"href":"https:\/\/dekkbi.com\/index.php?rest_route=%2Fwp%2Fv2%2Ftags&post=39787"}],"curies":[{"name":"wp","href":"https:\/\/api.w.org\/{rel}","templated":true}]}}