{"id":39741,"date":"2024-08-06T10:12:12","date_gmt":"2024-08-06T10:12:12","guid":{"rendered":"https:\/\/dekkbi.com\/?p=39741"},"modified":"2024-08-06T10:13:45","modified_gmt":"2024-08-06T10:13:45","slug":"kaolack-la-nouvelle-coordonnatrice-du-promogem-visite-le-chantier-du-marche-dinteret-sous-regional","status":"publish","type":"post","link":"https:\/\/dekkbi.com\/?p=39741","title":{"rendered":"Rougui Aladji Sow visite le chantier du march\u00e9 d\u2019int\u00e9r\u00eat sous-r\u00e9gional"},"content":{"rendered":"\n<p>Kaolack, (APS) \u2013 La coordonnatrice du Programme de modernisation et de gestion des march\u00e9s (PROMOGEM), Rougui Aladji Sow, a visit\u00e9, lundi, le march\u00e9 d\u2019int\u00e9r\u00eat sous-r\u00e9gional et le Centre commercial Mame Astou Diankha de M\u00e9dina Baye, \u00e0 Kaolack (centre).<\/p>\n\n\n\n<p>Premi\u00e8re \u00e9tape de cette visite, le march\u00e9 d\u2019int\u00e9r\u00eat sous-r\u00e9gional, en construction sur un site de trois hectares, se situe pr\u00e8s de la route nationale num\u00e9ro 1 \u00e0 hauteur des Parcelles Assainies.<\/p>\n\n\n\n<p>Rougui Aladji Sow \u00e9tait venue s\u2019enqu\u00e9rir de l\u2019\u00e9tat d\u2019avancement des travaux de ce futur lieu de commerce sous-r\u00e9gional.<\/p>\n\n\n\n<p>Mme Sow s\u2019est dite \u2018\u2019tr\u00e8s honor\u00e9e\u2019\u2019 d\u2019effectuer sa premi\u00e8re visite hors de Dakar depuis sa nomination, le mercredi 5 juin 2024.<\/p>\n\n\n\n<p>\u201dDonnant suite aux recommandations de monsieur Serigne Gu\u00e8ye Diop, ministre de l\u2019Industrie et du Commerce, je suis venue faire l\u2019\u00e9tat des lieux des travaux des chantiers du PROMOGEM dans la commune de Kaolack\u2019\u2019, a-t-elle pr\u00e9cis\u00e9.<\/p>\n\n\n\n<p>Rougui Aladji Sow a signal\u00e9 que le PROMOGEM intervient dans deux volets au niveau de Kaolack notamment la construction du march\u00e9 d\u2019int\u00e9r\u00eat sous-r\u00e9gional, dont les travaux se situent \u00e0 l\u2019\u00e9tape de d\u00e9marrage, et le Centre commercial Mame Astou Diankha de M\u00e9dina Baye dans une gestion tripartite dans un partenariat public-priv\u00e9.<\/p>\n\n\n\n<p>\u201dCe partenariat public-priv\u00e9 est un mod\u00e8le \u00e0 perp\u00e9tuer partout au S\u00e9n\u00e9gal\u2019\u2019, a indiqu\u00e9 la coordonnatrice du PROMOGEM, ajoutant que ce partenariat repose sur la cession des cantines et des magasins et sur la gestion du Centre commercial Mame Astou Diankha de M\u00e9dina Baye.<\/p>\n\n\n\n<p>Elle en a appel\u00e9 \u00e0 une \u2018\u2019bonne collaboration\u2019\u2019 de toutes les parties prenantes dans ce mod\u00e8le d\u2019organisation qui, selon elle, \u00e9pouse la vision du pr\u00e9sident de la R\u00e9publique Bassirou Diomaye Diakhar Faye dans le domaine de gestion des march\u00e9s en termes de propret\u00e9 et de bonne gestion.<\/p>\n\n\n\n<p>Les responsables en charge des travaux du march\u00e9 d\u2019int\u00e9r\u00eat sous-r\u00e9gional ont assur\u00e9 que l\u2019infrastructure, qui va disposer de 1016 cantines, d\u2019un Centre commercial, de commerces modulables, de chambre froide, de hall pour fruits et l\u00e9gumes et poissonnerie et boucherie, de banques, de pharmacies, entre autres, sera r\u00e9ceptionn\u00e9e \u2018\u2019dans dix mois, si les d\u00e9caissements se font normalement\u2019\u2019.<\/p>\n","protected":false},"excerpt":{"rendered":"<p>Kaolack, (APS) \u2013 La coordonnatrice du Programme de modernisation et de gestion des march\u00e9s (PROMOGEM), Rougui Aladji Sow, a visit\u00e9,<\/p>\n","protected":false},"author":1,"featured_media":39742,"comment_status":"open","ping_status":"open","sticky":false,"template":"","format":"standard","meta":{"footnotes":""},"categories":[3],"tags":[],"class_list":["post-39741","post","type-post","status-publish","format-standard","has-post-thumbnail","hentry","category-event-more-news"],"_links":{"self":[{"href":"https:\/\/dekkbi.com\/index.php?rest_route=\/wp\/v2\/posts\/39741","targetHints":{"allow":["GET"]}}],"collection":[{"href":"https:\/\/dekkbi.com\/index.php?rest_route=\/wp\/v2\/posts"}],"about":[{"href":"https:\/\/dekkbi.com\/index.php?rest_route=\/wp\/v2\/types\/post"}],"author":[{"embeddable":true,"href":"https:\/\/dekkbi.com\/index.php?rest_route=\/wp\/v2\/users\/1"}],"replies":[{"embeddable":true,"href":"https:\/\/dekkbi.com\/index.php?rest_route=%2Fwp%2Fv2%2Fcomments&post=39741"}],"version-history":[{"count":3,"href":"https:\/\/dekkbi.com\/index.php?rest_route=\/wp\/v2\/posts\/39741\/revisions"}],"predecessor-version":[{"id":39746,"href":"https:\/\/dekkbi.com\/index.php?rest_route=\/wp\/v2\/posts\/39741\/revisions\/39746"}],"wp:featuredmedia":[{"embeddable":true,"href":"https:\/\/dekkbi.com\/index.php?rest_route=\/wp\/v2\/media\/39742"}],"wp:attachment":[{"href":"https:\/\/dekkbi.com\/index.php?rest_route=%2Fwp%2Fv2%2Fmedia&parent=39741"}],"wp:term":[{"taxonomy":"category","embeddable":true,"href":"https:\/\/dekkbi.com\/index.php?rest_route=%2Fwp%2Fv2%2Fcategories&post=39741"},{"taxonomy":"post_tag","embeddable":true,"href":"https:\/\/dekkbi.com\/index.php?rest_route=%2Fwp%2Fv2%2Ftags&post=39741"}],"curies":[{"name":"wp","href":"https:\/\/api.w.org\/{rel}","templated":true}]}}