{"id":39734,"date":"2024-08-06T09:55:46","date_gmt":"2024-08-06T09:55:46","guid":{"rendered":"https:\/\/dekkbi.com\/?p=39734"},"modified":"2024-08-06T10:15:57","modified_gmt":"2024-08-06T10:15:57","slug":"kolda-iticajou-ferme-ses-portes","status":"publish","type":"post","link":"https:\/\/dekkbi.com\/?p=39734","title":{"rendered":"Kolda: Iticajou, l\u2019usine de transformation de cajou, ferme ses portes"},"content":{"rendered":"\n<h3 class=\"wp-block-heading\">L\u2019usine de transformation de cajou bas\u00e9e \u00e0 Kolda, Iticajou ferme ses portes. Plus de centaine d\u2019agents vont aller en ch\u00f4mage. L\u2019usine a souffert de d\u00e9ficit de quantit\u00e9 suffisante de production, face \u00e0 la concurrence accrue des grands exportateurs.<\/h3>\n\n\n\n<p>De la tristesse se lisait sur les visages de centaines de femmes journali\u00e8res qui y travaillaient. Selon l\u2019interprofessionne cajou du S\u00e9n\u00e9gal Icas avec \u00e0 sa t\u00eate le pr\u00e9sident Boubacar Konta, le seul moyen de survivre est d\u2019avoir l\u2019accompagnement de l\u2019Etat qui devra accepter de subventionner le cajou, afin sauver ces usines, en mettant en place des strat\u00e9gies.<\/p>\n\n\n\n<p>Il note que l\u2019Etat a \u00e9t\u00e9 interpell\u00e9, plusieurs fois, mais sans aucune mesure. Plus loin, il explique la situation. \u2018\u2019 Les exportateurs Indiens et Vietnamiens se sont accapar\u00e9s du march\u00e9. Fort de ce constat, les unit\u00e9s industrielles ne pouvaient pas assurer la production et surtout tenir. Pas un kilogramme de stock\u2019\u2019, d\u00e9nonce-le pr\u00e9sident Boubacar Konta. Il prend l\u2019exemple de la C\u00f4te d\u2019Ivoire qui vivait la m\u00eame situation, mais gr\u00e2ce \u00e0 un accompagnement de l\u2019Etat qui a subventionn\u00e9 le kilogramme \u00e0 400 FCFA et bloqu\u00e9. Il croit qu\u2019avec ce m\u00eame mod\u00e8le ces usines peuvent \u00eatre suaves.<\/p>\n\n\n\n<p>En ce moment, ils d\u00e9clarent que treize unit\u00e9s de transformation sont en train de fermer. Le pr\u00e9sident de l\u2019interprofessionnel Boubacar Konta annonce qu\u2019ils ont \u00e9t\u00e9 re\u00e7us par le ministre de l\u2019industrie, qui promet de les accompagner, mais pour le moment rien n\u2019a encore \u00e9t\u00e9 signal\u00e9.<br><\/p>\n","protected":false},"excerpt":{"rendered":"<p>L\u2019usine de transformation de cajou bas\u00e9e \u00e0 Kolda, Iticajou ferme ses portes. Plus de centaine d\u2019agents vont aller en ch\u00f4mage.<\/p>\n","protected":false},"author":1,"featured_media":39735,"comment_status":"open","ping_status":"open","sticky":false,"template":"","format":"standard","meta":{"footnotes":""},"categories":[3],"tags":[],"class_list":["post-39734","post","type-post","status-publish","format-standard","has-post-thumbnail","hentry","category-event-more-news"],"_links":{"self":[{"href":"https:\/\/dekkbi.com\/index.php?rest_route=\/wp\/v2\/posts\/39734","targetHints":{"allow":["GET"]}}],"collection":[{"href":"https:\/\/dekkbi.com\/index.php?rest_route=\/wp\/v2\/posts"}],"about":[{"href":"https:\/\/dekkbi.com\/index.php?rest_route=\/wp\/v2\/types\/post"}],"author":[{"embeddable":true,"href":"https:\/\/dekkbi.com\/index.php?rest_route=\/wp\/v2\/users\/1"}],"replies":[{"embeddable":true,"href":"https:\/\/dekkbi.com\/index.php?rest_route=%2Fwp%2Fv2%2Fcomments&post=39734"}],"version-history":[{"count":3,"href":"https:\/\/dekkbi.com\/index.php?rest_route=\/wp\/v2\/posts\/39734\/revisions"}],"predecessor-version":[{"id":39748,"href":"https:\/\/dekkbi.com\/index.php?rest_route=\/wp\/v2\/posts\/39734\/revisions\/39748"}],"wp:featuredmedia":[{"embeddable":true,"href":"https:\/\/dekkbi.com\/index.php?rest_route=\/wp\/v2\/media\/39735"}],"wp:attachment":[{"href":"https:\/\/dekkbi.com\/index.php?rest_route=%2Fwp%2Fv2%2Fmedia&parent=39734"}],"wp:term":[{"taxonomy":"category","embeddable":true,"href":"https:\/\/dekkbi.com\/index.php?rest_route=%2Fwp%2Fv2%2Fcategories&post=39734"},{"taxonomy":"post_tag","embeddable":true,"href":"https:\/\/dekkbi.com\/index.php?rest_route=%2Fwp%2Fv2%2Ftags&post=39734"}],"curies":[{"name":"wp","href":"https:\/\/api.w.org\/{rel}","templated":true}]}}