{"id":39719,"date":"2024-08-06T09:20:59","date_gmt":"2024-08-06T09:20:59","guid":{"rendered":"https:\/\/dekkbi.com\/?p=39719"},"modified":"2024-08-06T09:20:59","modified_gmt":"2024-08-06T09:20:59","slug":"diamniadio-le-marche-dinteret-national-va-fonctionner-de-facon-continue-ministre","status":"publish","type":"post","link":"https:\/\/dekkbi.com\/?p=39719","title":{"rendered":"Diamniadio: le march\u00e9 d\u2019int\u00e9r\u00eat national va fonctionner de fa\u00e7on continue (ministre)"},"content":{"rendered":"\n<p>Diamniadio, (APS) \u2013 Le march\u00e9 d\u2019int\u00e9r\u00eat national de Diamniadio, dans le d\u00e9partement de Rufisque, va \u00e9voluer pour fonctionner de fa\u00e7on continue, a annonc\u00e9, lundi, Serigne Diop Gueye, ministre de l\u2019Industrie et du Commerce.<\/p>\n\n\n\n<p>\u2018\u2019Il faut aussi voir comment, la structure va \u00e9voluer. Tous les march\u00e9s d\u2019int\u00e9r\u00eat national du monde ont des h\u00f4tels, des centres d\u2019accueil, des centres de spectacle avec beaucoup d\u2019activit\u00e9s. Ce qui fait que ce sont des centres qui fonctionnent 24H sur 24. Ce sera la vision que nous voulons faire passer\u2019\u2019, a-t-il d\u00e9clar\u00e9.<\/p>\n\n\n\n<p>M. Gu\u00e8ye intervenait en marge d\u2019une visite au march\u00e9 d\u2019int\u00e9r\u00eat national de Diamniadio. Il \u00e9tait accompagn\u00e9 du Secr\u00e9taire d\u2019Etat, en Charge du d\u00e9veloppement des PME-PMI, du pr\u00e9sident du Conseil d\u2019Administration de la Soci\u00e9t\u00e9 d\u2019Exploitation du March\u00e9 d\u2019int\u00e9r\u00eat national et de la Gare des Gros-Porteurs (SEMIG SA), Abdoulaye Sow ainsi que de nombreux officiels et des membres de son Cabinet.<\/p>\n\n\n\n<p>\u2018\u2019Il y a aussi le volet investissement. Nous avons demand\u00e9 au pr\u00e9sident du Conseil d\u2019administration et au directeur de nous proposer un plan d\u2019investissement pour am\u00e9liorer l\u2019environnement\u2019\u2019, a soulign\u00e9 Serigne Diop Gueye.<\/p>\n\n\n\n<p>Il a rappel\u00e9 que le gouvernement entend d\u00e9passer les r\u00e9sultats actuels du march\u00e9 d\u2019int\u00e9r\u00eat qui est un projet de 25 \u00e0 30 hectares. \u2018\u2019Notre vision est beaucoup plus importante que \u00e7a (\u2026). Je voulais vous annoncer que le SMIG va changer dans son orientation et dans son d\u00e9veloppement, les ann\u00e9es \u00e0 venir\u2019\u2019, a-t-il expliqu\u00e9.<\/p>\n\n\n\n<p>M. Gu\u00e8ye a aussi assur\u00e9 que le gouvernement est en train de voir comment s\u00e9curiser le foncier tout autour du centre d\u2019int\u00e9r\u00eat national de Diamniadio.<\/p>\n\n\n\n<p>Il \u00e9tait pr\u00e9vu, dans une deuxi\u00e8me phase, la construction d\u2019un march\u00e9 de viande pour approvisionner Dakar et toute la r\u00e9gion de Thi\u00e8s, a expliqu\u00e9 le ministre.<\/p>\n","protected":false},"excerpt":{"rendered":"<p>Diamniadio, (APS) \u2013 Le march\u00e9 d\u2019int\u00e9r\u00eat national de Diamniadio, dans le d\u00e9partement de Rufisque, va \u00e9voluer pour fonctionner de fa\u00e7on<\/p>\n","protected":false},"author":1,"featured_media":39720,"comment_status":"open","ping_status":"open","sticky":false,"template":"","format":"standard","meta":{"footnotes":""},"categories":[3],"tags":[],"class_list":["post-39719","post","type-post","status-publish","format-standard","has-post-thumbnail","hentry","category-event-more-news"],"_links":{"self":[{"href":"https:\/\/dekkbi.com\/index.php?rest_route=\/wp\/v2\/posts\/39719","targetHints":{"allow":["GET"]}}],"collection":[{"href":"https:\/\/dekkbi.com\/index.php?rest_route=\/wp\/v2\/posts"}],"about":[{"href":"https:\/\/dekkbi.com\/index.php?rest_route=\/wp\/v2\/types\/post"}],"author":[{"embeddable":true,"href":"https:\/\/dekkbi.com\/index.php?rest_route=\/wp\/v2\/users\/1"}],"replies":[{"embeddable":true,"href":"https:\/\/dekkbi.com\/index.php?rest_route=%2Fwp%2Fv2%2Fcomments&post=39719"}],"version-history":[{"count":1,"href":"https:\/\/dekkbi.com\/index.php?rest_route=\/wp\/v2\/posts\/39719\/revisions"}],"predecessor-version":[{"id":39721,"href":"https:\/\/dekkbi.com\/index.php?rest_route=\/wp\/v2\/posts\/39719\/revisions\/39721"}],"wp:featuredmedia":[{"embeddable":true,"href":"https:\/\/dekkbi.com\/index.php?rest_route=\/wp\/v2\/media\/39720"}],"wp:attachment":[{"href":"https:\/\/dekkbi.com\/index.php?rest_route=%2Fwp%2Fv2%2Fmedia&parent=39719"}],"wp:term":[{"taxonomy":"category","embeddable":true,"href":"https:\/\/dekkbi.com\/index.php?rest_route=%2Fwp%2Fv2%2Fcategories&post=39719"},{"taxonomy":"post_tag","embeddable":true,"href":"https:\/\/dekkbi.com\/index.php?rest_route=%2Fwp%2Fv2%2Ftags&post=39719"}],"curies":[{"name":"wp","href":"https:\/\/api.w.org\/{rel}","templated":true}]}}