{"id":39710,"date":"2024-08-06T09:09:25","date_gmt":"2024-08-06T09:09:25","guid":{"rendered":"https:\/\/dekkbi.com\/?p=39710"},"modified":"2024-08-06T15:48:11","modified_gmt":"2024-08-06T15:48:11","slug":"somalie-mogadiscio-en-deuil-apres-lattaque-de-lido","status":"publish","type":"post","link":"https:\/\/dekkbi.com\/?p=39710","title":{"rendered":"Est de la RDC: le M23 a ressurgi pour des raisons ext\u00e9rieures et non apr\u00e8s de violences anti-Tutsi, pointe un rapport"},"content":{"rendered":"\n<p>Publi\u00e9 ce mardi 6 ao\u00fbt 2024, un rapport d\u2019Ebuteli et du Groupe d\u2019\u00e9tude sur le Congo (GEC)\u00a0affirme que les causes de la r\u00e9surgence de la r\u00e9bellion du M23 sont principalement ext\u00e9rieures \u00e0 la RDC. Et ce, contrairement \u00e0 ce qu\u2019affirme le Rwanda, principal soutien des rebelles actifs dans la province du Nord-Kivu, selon ce document\u00a0intitul\u00e9 \u00ab\u00a0<em>La r\u00e9surgence du M23 : rivalit\u00e9s r\u00e9gionales, politique des donateurs et blocage du processus de paix<\/em>\u00a0\u00bb.<\/p>\n\n\n\n<p>Pour l\u2019institut de recherche Ebuteli et le GEC, le facteur le plus important de la r\u00e9surgence du M23 est un sentiment d\u2019isolement de la part du Rwanda. En 2021, l\u2019Ouganda et la RDC se sont rapproch\u00e9s&nbsp;: \u00e9conomiquement, mais aussi s\u00e9curitairement avec une op\u00e9ration militaire contre le groupe arm\u00e9 ADF. Les raisons sont donc dans le contexte r\u00e9gional.<\/p>\n\n\n\n<p>D\u2019apr\u00e8s le rapport, Kigali a eu un sentiment d\u2019isolement lorsque les \u00e9quipes ougandaises avaient lanc\u00e9 les travaux de construction des routes devant relier les provinces du Nord-Kivu et l\u2019Ituri \u00e0 Kampala. Car cela risquait d\u2019exclure le Rwanda du commerce lucratif entre l\u2019est du Congo et la c\u00f4te de l\u2019Afrique de l\u2019Est, rapporte notre<em>&nbsp;<\/em>correspondant \u00e0 Kinshasa,&nbsp;<strong>Pascal Mulegwa<\/strong>.<\/p>\n\n\n\n<p>\u00ab&nbsp;<em>Cela a contribu\u00e9 \u00e0 donner \u00e0 Kigali le sentiment d\u2019\u00eatre marginalis\u00e9 et de voir ses int\u00e9r\u00eats menac\u00e9s<\/em>&nbsp;\u00bb, explique le rapport, qui ajoute que le \u00ab&nbsp;<em>M23 est apparu comme un moyen pour le Rwanda de projeter son influence contre l\u2019Ouganda<\/em>&nbsp;\u00bb. Un soutien au M23 qui a continu\u00e9 et qui s\u2019est m\u00eame accentu\u00e9 apr\u00e8s la reprise des relations entre Kigali et Kampala en 2022.<\/p>\n\n\n\n<h2 class=\"wp-block-heading\">\u00ab&nbsp;<em>Pas de preuve d\u2019une recrudescence des violences anti-Tutsis avant la r\u00e9surgence du M23<\/em>&nbsp;\u00bb<\/h2>\n\n\n\n<p>Le Rwanda ne cesse de marteler la raison d&rsquo;une suppos\u00e9e&nbsp;violence contre les Tutsis en RDC et la menace que repr\u00e9sentent les FDLR, un groupe arm\u00e9 \u00e0 l\u2019origine compos\u00e9 de g\u00e9nocidaire Hutu rwandais. Pourtant, le rapport balaye les affirmations de Kigali.&nbsp;Pour Ebuteli, \u00ab&nbsp;<em>il n\u2019y a pas de preuve d\u2019une recrudescence des violences anti-Tutsis avant la r\u00e9surgence du M23<\/em>&nbsp;\u00bb.<\/p>\n\n\n\n<p>L\u2019institut note que les principales violences contre des rwandophones ont eu lieu plut\u00f4t dans le Sud-Kivu qu&rsquo;au Nord-Kivu. Quant aux FDLR, leur nombre \u00e9tait en baisse, toujours selon le rapport&nbsp;: environ 700 combattants en 2018 repr\u00e9sentant une menace pour les civils de l\u2019est de la RDC.<\/p>\n\n\n\n<h2 class=\"wp-block-heading\">La faiblesse de l&rsquo;arm\u00e9e congolaise a aggrav\u00e9 la crise, tout comme le recours aux groupes arm\u00e9s locaux et \u00e9trangers<\/h2>\n\n\n\n<p>Enfin, le rapport note que la faiblesse de l\u2019\u00c9tat congolais a aggrav\u00e9 cette crise avec une arm\u00e9e pas en mesure \u00ab&nbsp;<em>de surmonter cette situation<\/em>&nbsp;\u00bb. Car le 7 novembre 2021, le M23, d\u00e9fait en 2013, lance les offensives sur les flancs nord et ouest du Mont Sabinyo sur demande de Kigali.<\/p>\n\n\n\n<p>Mais au lieu de r\u00e9pondre avec une arm\u00e9e, le gouvernement congolais a eu recours \u00e0 des entreprises de s\u00e9curit\u00e9 priv\u00e9es et \u00e0 la collaboration avec des groupes arm\u00e9s \u00e9trangers et locaux. Or, note le rapport, ces groupes \u2013 tout comme le M23 \u2013 recrutent principalement sur une base ethnique, ce qui a aggrav\u00e9 les tensions communautaires et r\u00e9gionales.<\/p>\n\n\n\n<p>C\u00f4t\u00e9 diplomatique, la r\u00e9action internationale a \u00e9t\u00e9 terne, Kigali n\u2019ayant pas encore subi des sanctions \u00e9conomiques comme le demande Kinshasa.&nbsp;Et la communaut\u00e9 internationale n\u2019a pas emp\u00each\u00e9 l\u2019action du Rwanda par d&rsquo;autres moyens.<\/p>\n\n\n\n<p>Les deux groupes de recherches sugg\u00e8rent aux autorit\u00e9s congolaises de r\u00e9former le secteur de la s\u00e9curit\u00e9. Les forces arm\u00e9es, \u00ab<em>&nbsp;qui servent largement \u00e0 distribuer des privil\u00e8ges et extraire des ressources<\/em>&nbsp;\u00bb, doivent \u00eatre transform\u00e9es en un v\u00e9ritable service public.<\/p>\n\n\n\n<p>SOURCE RFI<\/p>\n","protected":false},"excerpt":{"rendered":"<p>Publi\u00e9 ce mardi 6 ao\u00fbt 2024, un rapport d\u2019Ebuteli et du Groupe d\u2019\u00e9tude sur le Congo (GEC)\u00a0affirme que les causes<\/p>\n","protected":false},"author":1,"featured_media":39771,"comment_status":"open","ping_status":"open","sticky":false,"template":"","format":"standard","meta":{"footnotes":""},"categories":[51],"tags":[],"class_list":["post-39710","post","type-post","status-publish","format-standard","has-post-thumbnail","hentry","category-general"],"_links":{"self":[{"href":"https:\/\/dekkbi.com\/index.php?rest_route=\/wp\/v2\/posts\/39710","targetHints":{"allow":["GET"]}}],"collection":[{"href":"https:\/\/dekkbi.com\/index.php?rest_route=\/wp\/v2\/posts"}],"about":[{"href":"https:\/\/dekkbi.com\/index.php?rest_route=\/wp\/v2\/types\/post"}],"author":[{"embeddable":true,"href":"https:\/\/dekkbi.com\/index.php?rest_route=\/wp\/v2\/users\/1"}],"replies":[{"embeddable":true,"href":"https:\/\/dekkbi.com\/index.php?rest_route=%2Fwp%2Fv2%2Fcomments&post=39710"}],"version-history":[{"count":2,"href":"https:\/\/dekkbi.com\/index.php?rest_route=\/wp\/v2\/posts\/39710\/revisions"}],"predecessor-version":[{"id":39772,"href":"https:\/\/dekkbi.com\/index.php?rest_route=\/wp\/v2\/posts\/39710\/revisions\/39772"}],"wp:featuredmedia":[{"embeddable":true,"href":"https:\/\/dekkbi.com\/index.php?rest_route=\/wp\/v2\/media\/39771"}],"wp:attachment":[{"href":"https:\/\/dekkbi.com\/index.php?rest_route=%2Fwp%2Fv2%2Fmedia&parent=39710"}],"wp:term":[{"taxonomy":"category","embeddable":true,"href":"https:\/\/dekkbi.com\/index.php?rest_route=%2Fwp%2Fv2%2Fcategories&post=39710"},{"taxonomy":"post_tag","embeddable":true,"href":"https:\/\/dekkbi.com\/index.php?rest_route=%2Fwp%2Fv2%2Ftags&post=39710"}],"curies":[{"name":"wp","href":"https:\/\/api.w.org\/{rel}","templated":true}]}}