{"id":39695,"date":"2024-08-06T08:56:33","date_gmt":"2024-08-06T08:56:33","guid":{"rendered":"https:\/\/dekkbi.com\/?p=39695"},"modified":"2024-08-06T08:56:34","modified_gmt":"2024-08-06T08:56:34","slug":"dakar-et-banjul-prennent-des-resolutions-dans-plusieurs-domaines","status":"publish","type":"post","link":"https:\/\/dekkbi.com\/?p=39695","title":{"rendered":"Dakar et Banjul prennent des r\u00e9solutions dans plusieurs domaines"},"content":{"rendered":"\n<p>Dakar,  (APS) \u2013 Le S\u00e9n\u00e9gal et la Gambie ont pris, lundi \u00e0 Dakar, d\u2019importantes r\u00e9solutions sur les probl\u00e9matiques communes aux deux pays, notamment la pr\u00e9servation de la for\u00eat casaman\u00e7aise, l\u2019\u00e9nergie, les questions s\u00e9curitaires, la p\u00eache et le cadre institutionnel entre les deux Etats.<\/p>\n\n\n\n<p>Ces questions ont \u00e9t\u00e9 abord\u00e9es lors d\u2019une s\u00e9ance de travail entre le Premier ministre s\u00e9n\u00e9galais, Ousmane Sonko, et le vice-pr\u00e9sident gambien, Muhammad B.S Jallow.<\/p>\n\n\n\n<p>\u2018\u2019Nous avons pu passer en revue toutes les probl\u00e9matiques que nous partageons en commun, qu\u2019il s\u2019agisse de la pr\u00e9servation des for\u00eats, particuli\u00e8rement les for\u00eats casaman\u00e7aises, les questions s\u00e9curitaires\u2019\u2019, a d\u00e9clar\u00e9 le Premier ministre, Ousmane Sonko, au cours d\u2019une d\u00e9claration conjointe avec le vice-pr\u00e9sident gambien, qui effectue une visite de travail de trois jours \u00e0 Dakar.<\/p>\n\n\n\n<p>Le chef du gouvernement, qui a magnifi\u00e9 \u201dla coop\u00e9ration bien \u00e9labor\u00e9e\u201d entre le S\u00e9n\u00e9gal et Gambie, a invit\u00e9 \u00e0 \u201drenforcer les patrouilles mixtes\u201d des arm\u00e9es, des services des eaux et for\u00eats, pour venir \u00e0 bout du ph\u00e9nom\u00e8ne de coupe de bois dans les for\u00eats de la r\u00e9gion naturelle de Casamance.<\/p>\n\n\n\n<p>Les deux parties ont \u00e9galement abord\u00e9 les questions li\u00e9es \u00e0 l\u2019\u00e9nergie, \u201dla mati\u00e8re essentielle pour construire tout d\u00e9veloppement\u201d, la p\u00eache, \u201dpuisque nous partageons, en dehors des fronti\u00e8res terrestres et a\u00e9riennes, des fronti\u00e8res maritimes\u201d, a indiqu\u00e9 le chef de gouvernement s\u00e9n\u00e9galais.<\/p>\n\n\n\n<p>Il a fait remarquer que les deux pays ont \u00e9galement une convergence de vues sur les probl\u00e9matiques de d\u00e9fense et de formation.<\/p>\n\n\n\n<p>Cette rencontre a permis d\u2019aboutir \u00e0 des \u201dr\u00e9solutions qui nous semblent extr\u00eamement importantes pour les deux pays\u201d, a salu\u00e9 Ousmane Sonko.<\/p>\n\n\n\n<p>Le S\u00e9n\u00e9gal et la Gambie comptent redynamiser et corriger \u201dles insuffisances li\u00e9es au cadre institutionnel\u201d, notamment concernant les aspects financier et mat\u00e9riel qui plombent la mise en \u0153uvre des mesures prises par les gouvernements.<\/p>\n\n\n\n<p>\u2018\u2019Nous avons not\u00e9 les insuffisances li\u00e9es au cadre institutionnel, qui a \u00e9t\u00e9 quelque peu n\u00e9glig\u00e9 ces derni\u00e8res ann\u00e9es, et particuli\u00e8rement le Secr\u00e9tariat permanent qui a en charge la mat\u00e9rialisation, le suivi et l\u2019application des mesures\u2019\u2019, a-t-il dit.<\/p>\n\n\n\n<p>Il a annonc\u00e9 que le S\u00e9n\u00e9gal va prendre toutes les dispositions pour nommer trois repr\u00e9sentants au Secr\u00e9tariat permanent et trouver un si\u00e8ge au S\u00e9n\u00e9gal pour cette institution.<\/p>\n\n\n\n<p>Le vice-pr\u00e9sident de la R\u00e9publique de Gambie, Muhammad B.S Jallow, estime que \u2018\u2019le Secr\u00e9tariat s\u00e9n\u00e9galo- gambien, institu\u00e9 depuis 1972, doit \u00eatre redynamis\u00e9 et renforc\u00e9 pour assurer le suivi des accords entre les deux pays\u2019\u2019. Il a assur\u00e9 que des mesures seront prises par rapport au probl\u00e8me de transport \u00e0 Keur Ayib, localit\u00e9 situ\u00e9e \u00e0 la fronti\u00e8re entre les deux pays.<\/p>\n","protected":false},"excerpt":{"rendered":"<p>Dakar, (APS) \u2013 Le S\u00e9n\u00e9gal et la Gambie ont pris, lundi \u00e0 Dakar, d\u2019importantes r\u00e9solutions sur les probl\u00e9matiques communes aux<\/p>\n","protected":false},"author":1,"featured_media":39696,"comment_status":"open","ping_status":"open","sticky":false,"template":"","format":"standard","meta":{"footnotes":""},"categories":[6],"tags":[],"class_list":["post-39695","post","type-post","status-publish","format-standard","has-post-thumbnail","hentry","category-politics"],"_links":{"self":[{"href":"https:\/\/dekkbi.com\/index.php?rest_route=\/wp\/v2\/posts\/39695","targetHints":{"allow":["GET"]}}],"collection":[{"href":"https:\/\/dekkbi.com\/index.php?rest_route=\/wp\/v2\/posts"}],"about":[{"href":"https:\/\/dekkbi.com\/index.php?rest_route=\/wp\/v2\/types\/post"}],"author":[{"embeddable":true,"href":"https:\/\/dekkbi.com\/index.php?rest_route=\/wp\/v2\/users\/1"}],"replies":[{"embeddable":true,"href":"https:\/\/dekkbi.com\/index.php?rest_route=%2Fwp%2Fv2%2Fcomments&post=39695"}],"version-history":[{"count":1,"href":"https:\/\/dekkbi.com\/index.php?rest_route=\/wp\/v2\/posts\/39695\/revisions"}],"predecessor-version":[{"id":39697,"href":"https:\/\/dekkbi.com\/index.php?rest_route=\/wp\/v2\/posts\/39695\/revisions\/39697"}],"wp:featuredmedia":[{"embeddable":true,"href":"https:\/\/dekkbi.com\/index.php?rest_route=\/wp\/v2\/media\/39696"}],"wp:attachment":[{"href":"https:\/\/dekkbi.com\/index.php?rest_route=%2Fwp%2Fv2%2Fmedia&parent=39695"}],"wp:term":[{"taxonomy":"category","embeddable":true,"href":"https:\/\/dekkbi.com\/index.php?rest_route=%2Fwp%2Fv2%2Fcategories&post=39695"},{"taxonomy":"post_tag","embeddable":true,"href":"https:\/\/dekkbi.com\/index.php?rest_route=%2Fwp%2Fv2%2Ftags&post=39695"}],"curies":[{"name":"wp","href":"https:\/\/api.w.org\/{rel}","templated":true}]}}