{"id":39684,"date":"2024-08-05T16:47:29","date_gmt":"2024-08-05T16:47:29","guid":{"rendered":"https:\/\/dekkbi.com\/?p=39684"},"modified":"2024-08-05T16:48:19","modified_gmt":"2024-08-05T16:48:19","slug":"lettre-explosive-de-lex-dg-de-lonas-cheikh-dieng-denonce-des-pratiques-illegales-et-des-favoritismes-au-sein-de-lonas","status":"publish","type":"post","link":"https:\/\/dekkbi.com\/?p=39684","title":{"rendered":"ONAS: lettre explosive de l\u2019ex DG"},"content":{"rendered":"\n<h3 class=\"wp-block-heading\">Dans une lettre adress\u00e9e \u00e0 son ministre de tutelle, Cheikh Dieng a formul\u00e9 de graves accusations portant sur des pratiques de surfacturation et de domination au sein de l\u2019Office National de l\u2019Assainissement du S\u00e9n\u00e9gal (ONAS). Avant d&rsquo;\u00eatre d\u00e9mis de ses fonctions le 31 juillet, Cheikh Dieng a d\u00e9nonc\u00e9 ce qu&rsquo;il qualifie de \u00ab\u00a0proc\u00e9dure totalement ill\u00e9gale\u00a0\u00bb visant \u00e0 renforcer les positions dominantes de certaines entreprises dans le secteur de l\u2019assainissement.<\/h3>\n\n\n\n<p>Selon Dieng, cette situation permet \u00e0 un groupe restreint d\u2019entreprises de contr\u00f4ler le secteur et de maintenir un syst\u00e8me opaque d\u2019oppression. Il a exprim\u00e9 sa d\u00e9sapprobation face \u00e0 l&rsquo;\u00e9mergence d&rsquo;un \u00ab\u00a0lobby de l\u2019assainissement\u00a0\u00bb qui monopoliserait tous les march\u00e9s de l\u2019ONAS, au d\u00e9triment de la transparence et de la concurrence \u00e9quitable.<\/p>\n\n\n\n<p>Dieng a \u00e9galement d\u00e9nonc\u00e9 le fait que les stations de traitement des boues de vidange (STBV) soient attribu\u00e9es exclusivement aux entreprises Delvic et Vicas, mettant en avant un favoritisme flagrant.<\/p>\n\n\n\n<p>Il a soulign\u00e9 que la s\u00e9lection de trois entreprises pour les travaux n&rsquo;\u00e9tait pas bas\u00e9e sur des crit\u00e8res de service \u00e9quitables ou justifi\u00e9s, mais semblait plut\u00f4t orient\u00e9e.<\/p>\n\n\n\n<p>En conclusion, Dieng a appel\u00e9 \u00e0 la r\u00e9alisation d&rsquo;un audit et d&rsquo;investigations approfondies pour r\u00e9v\u00e9ler les irr\u00e9gularit\u00e9s et assurer une gestion transparente du secteur.<\/p>\n\n\n\n<p><\/p>\n","protected":false},"excerpt":{"rendered":"<p>Dans une lettre adress\u00e9e \u00e0 son ministre de tutelle, Cheikh Dieng a formul\u00e9 de graves accusations portant sur des pratiques<\/p>\n","protected":false},"author":1,"featured_media":39462,"comment_status":"open","ping_status":"open","sticky":false,"template":"","format":"standard","meta":{"footnotes":""},"categories":[26],"tags":[],"class_list":["post-39684","post","type-post","status-publish","format-standard","has-post-thumbnail","hentry","category-fait-divers"],"_links":{"self":[{"href":"https:\/\/dekkbi.com\/index.php?rest_route=\/wp\/v2\/posts\/39684","targetHints":{"allow":["GET"]}}],"collection":[{"href":"https:\/\/dekkbi.com\/index.php?rest_route=\/wp\/v2\/posts"}],"about":[{"href":"https:\/\/dekkbi.com\/index.php?rest_route=\/wp\/v2\/types\/post"}],"author":[{"embeddable":true,"href":"https:\/\/dekkbi.com\/index.php?rest_route=\/wp\/v2\/users\/1"}],"replies":[{"embeddable":true,"href":"https:\/\/dekkbi.com\/index.php?rest_route=%2Fwp%2Fv2%2Fcomments&post=39684"}],"version-history":[{"count":3,"href":"https:\/\/dekkbi.com\/index.php?rest_route=\/wp\/v2\/posts\/39684\/revisions"}],"predecessor-version":[{"id":39687,"href":"https:\/\/dekkbi.com\/index.php?rest_route=\/wp\/v2\/posts\/39684\/revisions\/39687"}],"wp:featuredmedia":[{"embeddable":true,"href":"https:\/\/dekkbi.com\/index.php?rest_route=\/wp\/v2\/media\/39462"}],"wp:attachment":[{"href":"https:\/\/dekkbi.com\/index.php?rest_route=%2Fwp%2Fv2%2Fmedia&parent=39684"}],"wp:term":[{"taxonomy":"category","embeddable":true,"href":"https:\/\/dekkbi.com\/index.php?rest_route=%2Fwp%2Fv2%2Fcategories&post=39684"},{"taxonomy":"post_tag","embeddable":true,"href":"https:\/\/dekkbi.com\/index.php?rest_route=%2Fwp%2Fv2%2Ftags&post=39684"}],"curies":[{"name":"wp","href":"https:\/\/api.w.org\/{rel}","templated":true}]}}