{"id":39675,"date":"2024-08-05T15:21:42","date_gmt":"2024-08-05T15:21:42","guid":{"rendered":"https:\/\/dekkbi.com\/?p=39675"},"modified":"2024-08-05T16:05:52","modified_gmt":"2024-08-05T16:05:52","slug":"ousmane-sonko-nous-avons-trouve-un-etat-en-ruine-et-les-senegalais-en-sauront-quelque-chose-dans-les-jours-a-venir","status":"publish","type":"post","link":"https:\/\/dekkbi.com\/?p=39675","title":{"rendered":"Ousmane Sonko: \u00ab\u00a0Nous avons trouv\u00e9 un Etat en ruine et les S\u00e9n\u00e9galais en sauront quelque chose dans les jours \u00e0 venir\u201d"},"content":{"rendered":"\n<p>Le chef du gouvernement a donn\u00e9 le ton lors de la Journ\u00e9e nationale de l\u2019arbre \u00e0 Dakar, en plantant \u00e0 titre symbolique un arbre dans la localit\u00e9 de Patte d\u2019Oie avant-hier, samedi 3 ao\u00fbt 2024.<\/p>\n\n\n\n<p>A l\u2019occasion, le Premier ministre Ousmane Sonko a esquiss\u00e9 un premier bilan de la situation du S\u00e9n\u00e9gal, plus de trois mois apr\u00e8s l\u2019arriv\u00e9e au pouvoir de son gouvernement le 02 avril 2024. Sans ambages, il a fait savoir qu\u2019\u00ab Aujourd\u2019hui, nous avons trouv\u00e9 un Etat en ruine et les S\u00e9n\u00e9galais en sauront quelque chose dans les jours \u00e0 venir\u00bb.<\/p>\n\n\n\n<p>Le Premier ministre a ainsi promis que le gouvernement d\u00e9voilerait bient\u00f4t l\u2019\u00e9tat r\u00e9el du pays et les v\u00e9rit\u00e9s cach\u00e9es. \u00ab C\u2019est un dressage de l\u2019\u00e9tat des lieux et quand nous aurons fini, pour ne pas dire que nous avons presque fini, nous dirons au S\u00e9n\u00e9gal de mani\u00e8re transparente : voil\u00e0 ce qu\u2019on vous a cach\u00e9, voil\u00e0 la situation du pays et toutes les cons\u00e9quences qui en d\u00e9coulent seront tir\u00e9es\u00bb.<\/p>\n\n\n\n<p>Cette transparence est, selon lui, essentielle pour restaurer la confiance des citoyens. Le Premier ministre Ousmane Sonko a par ailleurs insist\u00e9 sur le fait que le silence actuel du gouvernement n\u2019\u00e9tait pas un signe d\u2019inaction mais le r\u00e9sultat d\u2019un travail m\u00e9thodique et s\u00e9rieux. \u00ab Comme je l\u2019ai dit l\u2019autre jour, nous dirons aux S\u00e9n\u00e9galais ce qui se passe, notre silence ne doit pas \u00eatre interpr\u00e9t\u00e9 autrement\u00bb.<\/p>\n\n\n\n<p>Dans la m\u00eame dynamique, Ousmane Sonko a \u00e9galement fait part de mesures correctives entreprises par son gouvernement pour \u00e9viter des situations insolubles et pour jeter les bases d\u2019un futur stable. \u00ab Au m\u00eame moment o\u00f9 nous faisons cet exercice, nous avons fait un travail tr\u00e8s profond de rattrapage sur un certain nombre de choses qui, si elles n\u2019avaient pas \u00e9t\u00e9 corrig\u00e9es, auraient pu nous conduire tout droit vers la catastrophe\u00bb.<\/p>\n\n\n\n<p>Pour autant, a-t-il expliqu\u00e9, son gouvernement travaille \u00e0 \u00e9tablir des fondations solides pour une gouvernance efficace et durable : \u00ab En m\u00eame temps, nous avons travaill\u00e9 \u00e0 jeter les bases des fondamentaux qui nous permettent, sur le plan de la gouvernance, de r\u00e9duire le train de vie de l\u2019\u00c9tat et de prendre des mesures pour commencer \u00e0 soulager les S\u00e9n\u00e9galais par rapport au co\u00fbt de la vie\u00bb.<\/p>\n\n\n\n<p>Ousmane Sonko a aussi mis en avant les efforts du gouvernement pour attirer des investisseurs et des partenaires internationaux, tout en assurant que les actions entreprises visent exclusivement \u00e0 servir les int\u00e9r\u00eats du peuple s\u00e9n\u00e9galais. \u00abNous sommes en train juste de r\u00e9initialiser le logiciel qui n\u2019\u00e9tait pas bon, de remettre les fondations pour pouvoir mettre des briques et avoir un b\u00e2timent solide\u00bb, a-t-il dit dans une sorte de m\u00e9taphore architecturale.<\/p>\n\n\n\n<p>Le Premier ministre et pr\u00e9sident de Pastef-Les Patriotes a soulign\u00e9 par ailleurs la n\u00e9cessit\u00e9 de rester concentr\u00e9 sur les objectifs fix\u00e9s, malgr\u00e9 les critiques. Aussi a-t-il rappel\u00e9 que ceux qui critiquent \u00ab ont d\u00e9j\u00e0 montr\u00e9 ce dont ils \u00e9taient capables, tant pour ce qu\u2019ils ont r\u00e9ussi que pour ce qu\u2019ils ont \u00e9chou\u00e9 \u00bb et que \u00ab l\u2019histoire en garde un souvenir encore tr\u00e8s frais\u00bb.<\/p>\n\n\n\n<p>Raison suffisante pour encourager \u00e0 son avis les jeunes \u00e0 rester concentr\u00e9s sur le cap \u00e9tabli, \u00e0 soutenir les leaders en place et \u00e0 ne pas chercher \u00e0 profiter du pouvoir pour un enrichissement personnel.<\/p>\n\n\n\n<p>Et de conclure : \u00abNous ne cherchons pas \u00e0 profiter du pouvoir, et nous ne tol\u00e9rerons aucun acte d\u2019enrichissement personnel dans cette gouvernance. Nous sommes l\u00e0 pour servir, pour rendre service \u00e0 ceux qui le m\u00e9ritent\u00bb.<\/p>\n\n\n\n<p>SudQuotidien<\/p>\n","protected":false},"excerpt":{"rendered":"<p>Le chef du gouvernement a donn\u00e9 le ton lors de la Journ\u00e9e nationale de l\u2019arbre \u00e0 Dakar, en plantant \u00e0<\/p>\n","protected":false},"author":1,"featured_media":30945,"comment_status":"open","ping_status":"open","sticky":false,"template":"","format":"standard","meta":{"footnotes":""},"categories":[6],"tags":[],"class_list":["post-39675","post","type-post","status-publish","format-standard","has-post-thumbnail","hentry","category-politics"],"_links":{"self":[{"href":"https:\/\/dekkbi.com\/index.php?rest_route=\/wp\/v2\/posts\/39675","targetHints":{"allow":["GET"]}}],"collection":[{"href":"https:\/\/dekkbi.com\/index.php?rest_route=\/wp\/v2\/posts"}],"about":[{"href":"https:\/\/dekkbi.com\/index.php?rest_route=\/wp\/v2\/types\/post"}],"author":[{"embeddable":true,"href":"https:\/\/dekkbi.com\/index.php?rest_route=\/wp\/v2\/users\/1"}],"replies":[{"embeddable":true,"href":"https:\/\/dekkbi.com\/index.php?rest_route=%2Fwp%2Fv2%2Fcomments&post=39675"}],"version-history":[{"count":1,"href":"https:\/\/dekkbi.com\/index.php?rest_route=\/wp\/v2\/posts\/39675\/revisions"}],"predecessor-version":[{"id":39676,"href":"https:\/\/dekkbi.com\/index.php?rest_route=\/wp\/v2\/posts\/39675\/revisions\/39676"}],"wp:featuredmedia":[{"embeddable":true,"href":"https:\/\/dekkbi.com\/index.php?rest_route=\/wp\/v2\/media\/30945"}],"wp:attachment":[{"href":"https:\/\/dekkbi.com\/index.php?rest_route=%2Fwp%2Fv2%2Fmedia&parent=39675"}],"wp:term":[{"taxonomy":"category","embeddable":true,"href":"https:\/\/dekkbi.com\/index.php?rest_route=%2Fwp%2Fv2%2Fcategories&post=39675"},{"taxonomy":"post_tag","embeddable":true,"href":"https:\/\/dekkbi.com\/index.php?rest_route=%2Fwp%2Fv2%2Ftags&post=39675"}],"curies":[{"name":"wp","href":"https:\/\/api.w.org\/{rel}","templated":true}]}}