{"id":39655,"date":"2024-08-05T09:49:56","date_gmt":"2024-08-05T09:49:56","guid":{"rendered":"https:\/\/dekkbi.com\/?p=39655"},"modified":"2024-08-05T09:50:15","modified_gmt":"2024-08-05T09:50:15","slug":"voile-a-lecole-le-pm-na-fait-que-rappeler-un-des-principes-de-la-laicite-moustapha-guirassy","status":"publish","type":"post","link":"https:\/\/dekkbi.com\/?p=39655","title":{"rendered":"Voile \u00e0 l\u2019\u00e9cole : le PM n\u2019a fait que rappeler un des principes de la la\u00efcit\u00e9 (Moustapha Guirassy)"},"content":{"rendered":"\n<p>Keur Massamba Gu\u00e8ye (Thi\u00e8s) \u2013 Le ministre de l\u2019Education nationale a indiqu\u00e9 dimanche \u00e0 Keur Massamba Gu\u00e8ye (Thi\u00e8s ouest), que dans ses propos sur l\u2019interdiction du port du voile dans certaines \u00e9coles, le Premier ministre Ousmane Sonko n\u2019avait fait que rappeler le principe de la\u00efcit\u00e9 de la constitution s\u00e9n\u00e9galaise.<\/p>\n\n\n\n<p>Venu prendre part \u00e0 la cl\u00f4ture du Festival national du sport scolaire (FENSCO), Moustapha Guirassy en a profit\u00e9 pour c\u00e9l\u00e9brer la Journ\u00e9e de l\u2019arbre en allant planter un arbre au CEM de Keur Massamba Gu\u00e8ye.<\/p>\n\n\n\n<p>Interpell\u00e9 au sujet du port du voile \u00e0 l\u2019\u00e9cole lors d\u2019un point de presse tenu en marge de cette rencontre, il s\u2019est dit \u2018triste de constater que des politiciens et des citoyens qui ont peut-\u00eatre soif de visibilit\u00e9 ont fait des commentaires de nature \u00e0 saper dangereusement les bases de notre nation\u201d, laquelle est ciment\u00e9e&nbsp; par \u201dune constitution la\u00efque, pr\u00e9servant la diversit\u00e9\u201d.<\/p>\n\n\n\n<p>Tout en admettant qu\u2019un tel d\u00e9bat a sa place dans une \u201csoci\u00e9t\u00e9 qui avance\u201d, Moustapha Guirassy estime toutefois que sous le format d\u2019une querelle de chapelles, il n\u2019est \u201d pas bon pour notre pays\u201d.<\/p>\n\n\n\n<p>Il a soulign\u00e9 qu\u2019un tel discours ne refl\u00e8te pas la soci\u00e9t\u00e9 o\u00f9 ni les filles qui portent le voile, ni les enfants qui portent la croix, encore moins ceux qui portent des perles n\u2019ont de probl\u00e8me.<\/p>\n\n\n\n<p>D\u2019o\u00f9, a&nbsp; t -il soulign\u00e9, \u201dla n\u00e9cessit\u00e9 de faire en sorte que les r\u00e8glements int\u00e9rieurs des diff\u00e9rentes \u00e9coles refl\u00e8tent cette r\u00e9alit\u00e9\u201d.<\/p>\n\n\n\n<p>Il a rappel\u00e9 le contexte dans lequel le chef du gouvernement avait fait sa d\u00e9claration, en \u00e9changeant avec les laur\u00e9ats du Concours g\u00e9n\u00e9ral, mardi 3O juillet lors d\u2019une r\u00e9ception en leur honneur.<\/p>\n\n\n\n<p>A cette occasion, interpell\u00e9 sur l\u2019interdiction du port du voile dans certaines \u00e9coles, le Premier ministre&nbsp; a r\u00e9pondu que le gouvernement n\u2019acceptera plus que des \u00e9coles&nbsp; interdisent sur le sol s\u00e9n\u00e9galais le port du voile \u00e0 leurs \u00e9l\u00e8ves.<\/p>\n\n\n\n<p>En effet, pour le ministre de l\u2019Education nationale, dans l\u2019ordonnancement juridique, aucun r\u00e8glement int\u00e9rieur ne peut \u00eatre au-dessus de la Constitution et par cons\u00e9quent ne peut avoir de disposition contraire \u00e0 la loi fondamentale.<\/p>\n\n\n\n<p>\u201cEst-ce que c\u2019est m\u00e9chant de dire \u00e7a ? Est-ce que c\u2019est grave de dire \u00e7a ?\u201d, s\u2019est-il demand\u00e9.<\/p>\n\n\n\n<p>Pour Moustapha Guirassy, en disant cela, le chef du gouvernement ne stigmatisait ni la communaut\u00e9 musulmane ni celle chr\u00e9tienne.<\/p>\n\n\n\n<p>\u201dTout au contraire, c\u2019\u00e9tait une fa\u00e7on de rappeler le principe de neutralit\u00e9 de l\u2019\u00c9tat garantissant la diversit\u00e9, en \u00e9tant \u00e0 \u00e9quidistance de toutes les communaut\u00e9s\u201d, a&nbsp; t -il encore insist\u00e9.<\/p>\n\n\n\n<p>Il a indiqu\u00e9 que deux \u00e0 trois jours avant la c\u00e9r\u00e9monie du Concours g\u00e9n\u00e9ral, il a \u00e9t\u00e9 d\u00e9p\u00each\u00e9 aupr\u00e8s de l\u2019archev\u00eaque de Dakar par le Premier ministre pour lui transmettre des messages de f\u00e9licitations pour les performances de l\u2019enseignement catholique, mais aussi des remerciements pour la contribution de ce type d\u2019\u00e9ducation \u00e0 la construction de la soci\u00e9t\u00e9 s\u00e9n\u00e9galaise, par les valeurs qu\u2019il v\u00e9hicule.<\/p>\n\n\n\n<p>ADI\/ADL\/AKS<\/p>\n","protected":false},"excerpt":{"rendered":"<p>Keur Massamba Gu\u00e8ye (Thi\u00e8s) \u2013 Le ministre de l\u2019Education nationale a indiqu\u00e9 dimanche \u00e0 Keur Massamba Gu\u00e8ye (Thi\u00e8s ouest), que<\/p>\n","protected":false},"author":1,"featured_media":39656,"comment_status":"open","ping_status":"open","sticky":false,"template":"","format":"standard","meta":{"footnotes":""},"categories":[6],"tags":[],"class_list":["post-39655","post","type-post","status-publish","format-standard","has-post-thumbnail","hentry","category-politics"],"_links":{"self":[{"href":"https:\/\/dekkbi.com\/index.php?rest_route=\/wp\/v2\/posts\/39655","targetHints":{"allow":["GET"]}}],"collection":[{"href":"https:\/\/dekkbi.com\/index.php?rest_route=\/wp\/v2\/posts"}],"about":[{"href":"https:\/\/dekkbi.com\/index.php?rest_route=\/wp\/v2\/types\/post"}],"author":[{"embeddable":true,"href":"https:\/\/dekkbi.com\/index.php?rest_route=\/wp\/v2\/users\/1"}],"replies":[{"embeddable":true,"href":"https:\/\/dekkbi.com\/index.php?rest_route=%2Fwp%2Fv2%2Fcomments&post=39655"}],"version-history":[{"count":1,"href":"https:\/\/dekkbi.com\/index.php?rest_route=\/wp\/v2\/posts\/39655\/revisions"}],"predecessor-version":[{"id":39657,"href":"https:\/\/dekkbi.com\/index.php?rest_route=\/wp\/v2\/posts\/39655\/revisions\/39657"}],"wp:featuredmedia":[{"embeddable":true,"href":"https:\/\/dekkbi.com\/index.php?rest_route=\/wp\/v2\/media\/39656"}],"wp:attachment":[{"href":"https:\/\/dekkbi.com\/index.php?rest_route=%2Fwp%2Fv2%2Fmedia&parent=39655"}],"wp:term":[{"taxonomy":"category","embeddable":true,"href":"https:\/\/dekkbi.com\/index.php?rest_route=%2Fwp%2Fv2%2Fcategories&post=39655"},{"taxonomy":"post_tag","embeddable":true,"href":"https:\/\/dekkbi.com\/index.php?rest_route=%2Fwp%2Fv2%2Ftags&post=39655"}],"curies":[{"name":"wp","href":"https:\/\/api.w.org\/{rel}","templated":true}]}}