{"id":39631,"date":"2024-08-04T12:35:46","date_gmt":"2024-08-04T12:35:46","guid":{"rendered":"https:\/\/dekkbi.com\/?p=39631"},"modified":"2024-08-04T12:35:47","modified_gmt":"2024-08-04T12:35:47","slug":"velingara-lutte-contre-le-trafic-de-bois-vers-la-gambie-kandia-pour-sensibiliser-contre-le-fleau","status":"publish","type":"post","link":"https:\/\/dekkbi.com\/?p=39631","title":{"rendered":"V\u00e9lingara \u2013 Lutte contre le trafic de bois vers la Gambie Kandia pour sensibiliser contre le fl\u00e9au"},"content":{"rendered":"\n<p>La commune de Kandia, dans le d\u00e9partement de V\u00e9lingara, a l\u2019honneur d\u2019abriter, ce dimanche 4 ao\u00fbt, la Journ\u00e9e de lancement de la campagne r\u00e9gionale de reboisement, appel\u00e9e Journ\u00e9e de l\u2019arbre. <\/p>\n\n\n\n<p>Cette localit\u00e9 frontali\u00e8re \u00e0 la Gambie a connu, dans un pass\u00e9 r\u00e9cent, une forte saign\u00e9e de ses ressources foresti\u00e8res vers le pays voisin au Nord. L\u2019occasion est belle pour sensibiliser contre le ph\u00e9nom\u00e8ne et encourager une jeunesse et des autorit\u00e9s locales de plus en plus entreprenantes dans le secteur de l\u2019environnement.<\/p>\n\n\n\n<p>Par Abdoulaye KAMARA \u2013 , le village de Kandia sera la capitale r\u00e9gionale de l\u2019environnement. Le Gouverneur de Kolda, Sa\u00ebr Ndao, accompagn\u00e9 de plusieurs autorit\u00e9s politiques de la r\u00e9gion et de ses techniciens du secteur de l\u2019environnement, va y lancer la campagne r\u00e9gionale de reboisement pour l\u2019ann\u00e9e en cours.<\/p>\n\n\n\n<p> Dans le chef-lieu de commune \u00e9ponyme, le secteur des Eaux et for\u00eats du d\u00e9partement de V\u00e9lingara a pr\u00e9vu de reboiser, \u00e0 l\u2019occasion, 3 sites que sont la Maison des jeunes, le Stade municipal ainsi que la fa\u00e7ade Est du Coll\u00e8ge d\u2019enseignement moyen.<\/p>\n\n\n\n<p>Dans ces sites, selon le Capitaine Gote Dieng, patron du secteur, seront plant\u00e9es des essences arboricoles diverses telles que \u00abdes manguiers, le khaya senegalensis, des eucalyptus, des flamboyants, des terminalis mantalis, des ca\u00eflc\u00e9drats, des peltophorum\u2026\u00bb.<\/p>\n\n\n\n<p> Il s\u2019agira, en fait, de planter des arbres fruitiers et des arbres ombrageux pour \u00e0 la fois couvrir, au b\u00e9n\u00e9fice des populations locales, les vocations \u00e9conomiques et \u00e9cologiques de l\u2019arbre.<\/p>\n\n\n\n<p> Cela, pour r\u00e9pondre au th\u00e8me de la journ\u00e9e qui est : \u00abR\u00f4le du reboisement dans la souverainet\u00e9 alimentaire et le d\u00e9veloppement \u00e9conomique.\u00bb<\/p>\n\n\n\n<p>Pour le choix de Kandia pour abriter cette journ\u00e9e, le Capitaine Gote Dieng a renseign\u00e9 : \u00abDans un pass\u00e9 r\u00e9cent, les for\u00eats de la commune de Kandia, frontali\u00e8re \u00e0 la Gambie, ont fait l\u2019objet d\u2019un trafic intense.<\/p>\n\n\n\n<p> C\u2019est l\u2019occasion de sensibiliser les populations contre le ph\u00e9nom\u00e8ne, encourager les jeunes \u00e0 davantage entreprendre dans le secteur de l\u2019environnement, ainsi que les autorit\u00e9s locales \u00e0 continuer \u00e0 soutenir le secteur comme elles sont en train de le faire.\u00bb<\/p>\n\n\n\n<p>A propos des efforts du Conseil municipal de soutenir ses services, le Capitaine Dieng a inform\u00e9 : \u00abLa mairie a inscrit dans son budget le recrutement d\u2019un personnel d\u2019appoint au secteur, en qualit\u00e9 de chauffeur et de p\u00e9pini\u00e9ristes.\u00bb<\/p>\n\n\n\n<p>Pour la r\u00e9ussite de la journ\u00e9e, le Pr\u00e9fet du d\u00e9partement, Thierno Souleymane Sow, a convoqu\u00e9, le 11 juillet courant, un Comit\u00e9 d\u00e9partemental de d\u00e9veloppement (Cdd) afin informer tous les services techniques d\u00e9concentr\u00e9s de l\u2019Etat, les organisations communautaires de base et tous les citoyens qui peuvent y contribuer. <\/p>\n\n\n\n<p>Des directives et des mesures ont \u00e9t\u00e9 prises et font l\u2019objet de concertation et de suivi. A rappeler que le manguier est l\u2019arbre parrain de la journ\u00e9e.<\/p>\n\n\n\n<p>akamara@lequotidien.sn<\/p>\n","protected":false},"excerpt":{"rendered":"<p>La commune de Kandia, dans le d\u00e9partement de V\u00e9lingara, a l\u2019honneur d\u2019abriter, ce dimanche 4 ao\u00fbt, la Journ\u00e9e de lancement<\/p>\n","protected":false},"author":1,"featured_media":39632,"comment_status":"open","ping_status":"open","sticky":false,"template":"","format":"standard","meta":{"footnotes":""},"categories":[26],"tags":[],"class_list":["post-39631","post","type-post","status-publish","format-standard","has-post-thumbnail","hentry","category-fait-divers"],"_links":{"self":[{"href":"https:\/\/dekkbi.com\/index.php?rest_route=\/wp\/v2\/posts\/39631","targetHints":{"allow":["GET"]}}],"collection":[{"href":"https:\/\/dekkbi.com\/index.php?rest_route=\/wp\/v2\/posts"}],"about":[{"href":"https:\/\/dekkbi.com\/index.php?rest_route=\/wp\/v2\/types\/post"}],"author":[{"embeddable":true,"href":"https:\/\/dekkbi.com\/index.php?rest_route=\/wp\/v2\/users\/1"}],"replies":[{"embeddable":true,"href":"https:\/\/dekkbi.com\/index.php?rest_route=%2Fwp%2Fv2%2Fcomments&post=39631"}],"version-history":[{"count":1,"href":"https:\/\/dekkbi.com\/index.php?rest_route=\/wp\/v2\/posts\/39631\/revisions"}],"predecessor-version":[{"id":39633,"href":"https:\/\/dekkbi.com\/index.php?rest_route=\/wp\/v2\/posts\/39631\/revisions\/39633"}],"wp:featuredmedia":[{"embeddable":true,"href":"https:\/\/dekkbi.com\/index.php?rest_route=\/wp\/v2\/media\/39632"}],"wp:attachment":[{"href":"https:\/\/dekkbi.com\/index.php?rest_route=%2Fwp%2Fv2%2Fmedia&parent=39631"}],"wp:term":[{"taxonomy":"category","embeddable":true,"href":"https:\/\/dekkbi.com\/index.php?rest_route=%2Fwp%2Fv2%2Fcategories&post=39631"},{"taxonomy":"post_tag","embeddable":true,"href":"https:\/\/dekkbi.com\/index.php?rest_route=%2Fwp%2Fv2%2Ftags&post=39631"}],"curies":[{"name":"wp","href":"https:\/\/api.w.org\/{rel}","templated":true}]}}