{"id":39622,"date":"2024-08-03T10:50:33","date_gmt":"2024-08-03T10:50:33","guid":{"rendered":"https:\/\/dekkbi.com\/?p=39622"},"modified":"2024-08-03T10:50:34","modified_gmt":"2024-08-03T10:50:34","slug":"linquietude-dune-escalade-militaire-enfle-au-moyen-orient-ou-washington-muscle-son-dispositif","status":"publish","type":"post","link":"https:\/\/dekkbi.com\/?p=39622","title":{"rendered":"L&rsquo;inqui\u00e9tude d&rsquo;une escalade militaire enfle au Moyen-Orient o\u00f9 Washington muscle son dispositif"},"content":{"rendered":"\n<p>Depuis l&rsquo;assassinat du chef du Hamas Isma\u00efl Haniyeh mercredi, survenu quelques jours apr\u00e8s la mort du chef militaire du Hezbollah dans une frappe isra\u00e9lienne, le Moyen-Orient est sous tension.<\/p>\n\n\n\n<p> L&rsquo;Iran, alli\u00e9 de ces deux mouvements, a promis de r\u00e9pondre \u00e0 ces attaques et a pr\u00e9venu ce samedi 3 ao\u00fbt que le Hezbollah devrait frapper Isra\u00ebl en \u00ab profondeur \u00bb et \u00ab ne pas se limiter aux cibles militaires \u00bb. <\/p>\n\n\n\n<p>En parall\u00e8le, les \u00c9tats-Unis ont annonc\u00e9 qu&rsquo;ils vont d\u00e9ployer plus de forces militaires dans la r\u00e9gion, pour prot\u00e9ger son alli\u00e9 isra\u00e9lien.<\/p>\n\n\n\n<p>Au vu de \u00ab la possibilit\u00e9 d&rsquo;une escalade r\u00e9gionale par l&rsquo;Iran et ses partenaires \u00bb, Washington a annonc\u00e9 vendredi \u00ab une modification du dispositif militaire am\u00e9ricain \u00bb pour \u00ab am\u00e9liorer la protection des forces arm\u00e9es des \u00c9tats-Unis, doper le soutien \u00e0 la d\u00e9fense d&rsquo;Isra\u00ebl et faire en sorte que les \u00c9tats-Unis soient pr\u00e9par\u00e9s \u00e0 diverses \u00e9ventualit\u00e9s \u00bb.<\/p>\n\n\n\n<p>Plus t\u00f4t dans la journ\u00e9e, le chef politique du Hamas, Isma\u00efl Haniyeh, assassin\u00e9 mercredi \u00e0 T\u00e9h\u00e9ran, avait \u00e9t\u00e9 inhum\u00e9 dans un cimeti\u00e8re pr\u00e8s de Doha, apr\u00e8s un hommage rendu par des milliers de fid\u00e8les dans la capitale qatarie, o\u00f9 il vivait en exil. <\/p>\n\n\n\n<p>Jurant de se venger, l&rsquo;Iran, le Hamas et le Hezbollah ont accus\u00e9 Isra\u00ebl de cet assassinat, survenu au lendemain d&rsquo;une frappe isra\u00e9lienne ayant tu\u00e9 le chef militaire du mouvement islamiste libanais, Fouad Chokr, pr\u00e8s de Beyrouth.<\/p>\n\n\n\n<p>Ces deux attaques alimentent les craintes d&rsquo;une extension de la guerre entre Isra\u00ebl d&rsquo;une part, l&rsquo;Iran et les groupes qu&rsquo;il soutient au Liban, en Syrie, en Irak et au Y\u00e9men de l&rsquo;autre.<\/p>\n\n\n\n<p>SOURCE RFI<\/p>\n","protected":false},"excerpt":{"rendered":"<p>Depuis l&rsquo;assassinat du chef du Hamas Isma\u00efl Haniyeh mercredi, survenu quelques jours apr\u00e8s la mort du chef militaire du Hezbollah<\/p>\n","protected":false},"author":1,"featured_media":39495,"comment_status":"open","ping_status":"open","sticky":false,"template":"","format":"standard","meta":{"footnotes":""},"categories":[51],"tags":[],"class_list":["post-39622","post","type-post","status-publish","format-standard","has-post-thumbnail","hentry","category-general"],"_links":{"self":[{"href":"https:\/\/dekkbi.com\/index.php?rest_route=\/wp\/v2\/posts\/39622","targetHints":{"allow":["GET"]}}],"collection":[{"href":"https:\/\/dekkbi.com\/index.php?rest_route=\/wp\/v2\/posts"}],"about":[{"href":"https:\/\/dekkbi.com\/index.php?rest_route=\/wp\/v2\/types\/post"}],"author":[{"embeddable":true,"href":"https:\/\/dekkbi.com\/index.php?rest_route=\/wp\/v2\/users\/1"}],"replies":[{"embeddable":true,"href":"https:\/\/dekkbi.com\/index.php?rest_route=%2Fwp%2Fv2%2Fcomments&post=39622"}],"version-history":[{"count":1,"href":"https:\/\/dekkbi.com\/index.php?rest_route=\/wp\/v2\/posts\/39622\/revisions"}],"predecessor-version":[{"id":39623,"href":"https:\/\/dekkbi.com\/index.php?rest_route=\/wp\/v2\/posts\/39622\/revisions\/39623"}],"wp:featuredmedia":[{"embeddable":true,"href":"https:\/\/dekkbi.com\/index.php?rest_route=\/wp\/v2\/media\/39495"}],"wp:attachment":[{"href":"https:\/\/dekkbi.com\/index.php?rest_route=%2Fwp%2Fv2%2Fmedia&parent=39622"}],"wp:term":[{"taxonomy":"category","embeddable":true,"href":"https:\/\/dekkbi.com\/index.php?rest_route=%2Fwp%2Fv2%2Fcategories&post=39622"},{"taxonomy":"post_tag","embeddable":true,"href":"https:\/\/dekkbi.com\/index.php?rest_route=%2Fwp%2Fv2%2Ftags&post=39622"}],"curies":[{"name":"wp","href":"https:\/\/api.w.org\/{rel}","templated":true}]}}