{"id":39610,"date":"2024-08-03T10:26:06","date_gmt":"2024-08-03T10:26:06","guid":{"rendered":"https:\/\/dekkbi.com\/?p=39610"},"modified":"2024-08-03T10:26:07","modified_gmt":"2024-08-03T10:26:07","slug":"oumar-youm-sur-la-reddition-des-comptes-je-redoute-un-reglement-de-comptes","status":"publish","type":"post","link":"https:\/\/dekkbi.com\/?p=39610","title":{"rendered":"Oumar Youm sur la reddition des comptes : \u00abJe redoute un r\u00e8glement de comptes\u00bb"},"content":{"rendered":"\n<p>Ancien ministre des Forces arm\u00e9es sous l\u2019\u00e8re Macky Sall, Me El Hadji Oumar Youm exprime des doutes quant \u00e0 la gestion actuelle de la reddition des comptes par les nouvelles autorit\u00e9s. Selon lui, le d\u00e9lai pris pour cet exercice pourrait indiquer une volont\u00e9 cach\u00e9e du pouvoir de s\u00e9lectionner des juges et de r\u00e9gler des comptes \u00e0 des partisans de l\u2019ancien r\u00e9gime.<\/p>\n\n\n\n<p>Par Ousmane SOW \u2013 Une \u00e9p\u00e9e de Damocl\u00e8s judiciaire concernant la gestion des affaires de l\u2019Etat plane-t-elle sur des dignitaires de l\u2019ancien r\u00e9gime ? Les tenants du pouvoir pourraient r\u00e9pondre \u00e0 cette interrogation. <\/p>\n\n\n\n<p>Depuis la publication des rapports de la Cour des comptes, de l\u2019Inspection g\u00e9n\u00e9rale d\u2019Etat (Ige) et de l\u2019Office national de lutte contre la fraude et la corruption (Ofnac), beaucoup de S\u00e9n\u00e9galais attendent le d\u00e9marrage de la reddition des comptes. <\/p>\n\n\n\n<p>Alors, apr\u00e8s le Directeur ex\u00e9cutif de l\u2019Ong 3D, Moundiaye Ciss\u00e9, le coordonnateur du Forum civil, Birahim Seck, c\u2019\u00e9tait au tour de Me El Hadji Oumar Youm d\u2019exprimer \u00e9galement son soutien \u00e0 la reddition des comptes.<\/p>\n\n\n\n<p> Lors de l\u2019\u00e9mission \u00abChamp contre champ\u00bb sur la cha\u00eene de t\u00e9l\u00e9vision nationale Rts1, anim\u00e9e par le journaliste Migui Maram Ndiaye, Me El Hadji Oumar Youm, dernier ministre des Forces arm\u00e9es sous l\u2019\u00e8re du Pr\u00e9sident Macky Sall, affirme que la Coalition Benno bokk yaakaar (Bby) est pr\u00eate \u00e0 se soumettre \u00e0 la reddition des comptes annonc\u00e9e par les autorit\u00e9s.<\/p>\n\n\n\n<p> Mais d\u2019apr\u00e8s l\u2019ancien membre du Groupe parlementaire Benno bokk yaakaar, le d\u00e9lai pris pour cette reddition des comptes pourrait indiquer une volont\u00e9 cach\u00e9e du pouvoir du Pr\u00e9sident Bassirou Diomaye Faye de s\u00e9lectionner des juges et de r\u00e9gler des comptes \u00e0 des partisans de l\u2019ancien r\u00e9gime. <\/p>\n\n\n\n<p>\u00abNous avons r\u00e9alis\u00e9 de nombreuses actions positives et quelques erreurs, mais nous sommes pour la reddition des comptes, car toute personne en position de responsabilit\u00e9 doit rendre compte.<\/p>\n\n\n\n<p>Ce que je redoute, c\u2019est qu\u2019il y ait un r\u00e8glement de comptes ou une manipulation de la Justice, d\u2019autant que les rapports ont \u00e9t\u00e9 publi\u00e9s depuis longtemps. <\/p>\n\n\n\n<p>Pourquoi les suspects n\u2019ont-ils pas encore \u00e9t\u00e9 entendus ? Il semble qu\u2019on souhaite s\u00e9lectionner des juges et leur fournir une feuille de route. <\/p>\n\n\n\n<p>Tout le monde sait comment cela fonctionne. C\u2019est \u00e9vident\u00bb, a dit El Hadji Oumar Youm.Lors de l\u2019\u00e9mission sur la Rts1, le responsable de l\u2019Alliance pour la R\u00e9publique (Apr) a \u00e9galement abord\u00e9 la question des fonds suppos\u00e9s d\u00e9tourn\u00e9s lors de la gestion de la pand\u00e9mie du Covid-19. <\/p>\n\n\n\n<p>Plusieurs ministres, directeurs de Cabinet et Directeurs de l\u2019administration g\u00e9n\u00e9rale et de l\u2019\u00e9quipement (Dage) de minist\u00e8res ont \u00e9t\u00e9 mis en cause par la Cour des comptes.<\/p>\n\n\n\n<p>Toutefois, l\u2019avocat et responsable de l\u2019ancien parti au pouvoir minimise les chiffres avanc\u00e9s. Selon Me El Hadji Oumar Youm, seulement 6 milliards de francs Cfa sur les 1000 milliards auraient \u00e9t\u00e9 d\u00e9tourn\u00e9s.<\/p>\n\n\n\n<p>Il faut le rappeler, lors de la r\u00e9union hebdomadaire du Conseil des ministres qui s\u2019est tenue jeudi dernier, le Pr\u00e9sident Bassirou Diomaye Faye avait indiqu\u00e9 que le second semestre de l\u2019ann\u00e9e 2024 doit consolider la phase cruciale de rectification, d\u2019ajustement, de r\u00e9forme hardie des politiques publiques et de reddition des comptes.<\/p>\n\n\n\n<p>\u00abGouverner demande de l\u2019humilit\u00e9\u00bb<\/p>\n\n\n\n<p>Ancien pr\u00e9sident du Groupe parlementaire Benno bokk yaakaar, Oumar Youm n\u2019a pas h\u00e9sit\u00e9 \u00e0 critiquer le Premier ministre Ousmane Sonko sur sa position contre l\u2019Assembl\u00e9e nationale, \u00e0 propos de sa D\u00e9claration de politique g\u00e9n\u00e9rale (Dpg) pr\u00e9vue par la Constitution. <\/p>\n\n\n\n<p>Pour l\u2019avocat et ancien d\u00e9put\u00e9 de la majorit\u00e9 parlementaire, le R\u00e8glement int\u00e9rieur de l\u2019Assembl\u00e9e nationale est juste un accessoire devant la Constitution. \u00abLe R\u00e8glement int\u00e9rieur de l\u2019Assembl\u00e9e nationale n\u2019est pas un document opposable au Premier ministre Ousmane Sonko. <\/p>\n\n\n\n<p>Gouverner demande de l\u2019humilit\u00e9, de la sinc\u00e9rit\u00e9, ce n\u2019est pas un jeu\u00bb, a affirm\u00e9 El Hadji Oumar Youm. Le camarade de parti de l\u2019ancien chef de l\u2019Etat, Macky Sall, est d\u2019avis que \u00able jeu est flagrant. <\/p>\n\n\n\n<p>C\u2019est un d\u00e9put\u00e9 de Pastef (Ndlr : Guy Marius Sagna) qui a \u00e9crit au Premier ministre Ousmane Sonko et, en 24 heures, il lui r\u00e9pond. Je suis s\u00fbr qu\u2019il y avait d\u00e9j\u00e0 une centaine de lettres sur sa table qui attendaient des r\u00e9ponses, bien avant celle du d\u00e9put\u00e9.<\/p>\n\n\n\n<p> Cette infantilisation et la publication qu\u2019il a faite sur Facebook\u2026<\/p>\n\n\n\n<p> Ensuite, la comparaison qu\u2019il a faite entre l\u2019Assembl\u00e9e nationale et une autre assembl\u00e9e, alors que dans une R\u00e9publique on nous dit que l\u2019Assembl\u00e9e nationale est la 2\u00e8me institution. Le Premier ministre devait avoir une posture autre\u00bb.<\/p>\n\n\n\n<p>En revenant sur la d\u00e9faite du candidat de la Coalition Benno bokk yaakaar \u00e0 l\u2019\u00e9lection pr\u00e9sidentielle du 24 mars dernier, Amadou Ba, Me Youm attribue ce revers \u00e0 un changement de cycle et \u00e0 une jeunesse en qu\u00eate de nouvelles aspirations. <\/p>\n\n\n\n<p>\u00abNous avons atteint la fin de cycle\u2026 Cette jeunesse, qui avait 6 ans en 2012, n\u2019a pas les m\u00eames aspirations que les vieux qui avaient vot\u00e9 pour Macky Sall en 2012 et 2019. <\/p>\n\n\n\n<p>Elle avait besoin de changement\u00bb, a conclu le maire Bby de la commune de Thiadiaye, une collectivit\u00e9 territoriale qui est situ\u00e9e dans le d\u00e9partement de Mbour.<\/p>\n\n\n\n<p>LEQUOTIDIEN <\/p>\n","protected":false},"excerpt":{"rendered":"<p>Ancien ministre des Forces arm\u00e9es sous l\u2019\u00e8re Macky Sall, Me El Hadji Oumar Youm exprime des doutes quant \u00e0 la<\/p>\n","protected":false},"author":1,"featured_media":30458,"comment_status":"open","ping_status":"open","sticky":false,"template":"","format":"standard","meta":{"footnotes":""},"categories":[6],"tags":[],"class_list":["post-39610","post","type-post","status-publish","format-standard","has-post-thumbnail","hentry","category-politics"],"_links":{"self":[{"href":"https:\/\/dekkbi.com\/index.php?rest_route=\/wp\/v2\/posts\/39610","targetHints":{"allow":["GET"]}}],"collection":[{"href":"https:\/\/dekkbi.com\/index.php?rest_route=\/wp\/v2\/posts"}],"about":[{"href":"https:\/\/dekkbi.com\/index.php?rest_route=\/wp\/v2\/types\/post"}],"author":[{"embeddable":true,"href":"https:\/\/dekkbi.com\/index.php?rest_route=\/wp\/v2\/users\/1"}],"replies":[{"embeddable":true,"href":"https:\/\/dekkbi.com\/index.php?rest_route=%2Fwp%2Fv2%2Fcomments&post=39610"}],"version-history":[{"count":1,"href":"https:\/\/dekkbi.com\/index.php?rest_route=\/wp\/v2\/posts\/39610\/revisions"}],"predecessor-version":[{"id":39611,"href":"https:\/\/dekkbi.com\/index.php?rest_route=\/wp\/v2\/posts\/39610\/revisions\/39611"}],"wp:featuredmedia":[{"embeddable":true,"href":"https:\/\/dekkbi.com\/index.php?rest_route=\/wp\/v2\/media\/30458"}],"wp:attachment":[{"href":"https:\/\/dekkbi.com\/index.php?rest_route=%2Fwp%2Fv2%2Fmedia&parent=39610"}],"wp:term":[{"taxonomy":"category","embeddable":true,"href":"https:\/\/dekkbi.com\/index.php?rest_route=%2Fwp%2Fv2%2Fcategories&post=39610"},{"taxonomy":"post_tag","embeddable":true,"href":"https:\/\/dekkbi.com\/index.php?rest_route=%2Fwp%2Fv2%2Ftags&post=39610"}],"curies":[{"name":"wp","href":"https:\/\/api.w.org\/{rel}","templated":true}]}}