{"id":39603,"date":"2024-08-02T13:34:17","date_gmt":"2024-08-02T13:34:17","guid":{"rendered":"https:\/\/dekkbi.com\/?p=39603"},"modified":"2024-08-02T13:34:17","modified_gmt":"2024-08-02T13:34:17","slug":"massacre-de-thiaroye-44-le-senegal-change-de-camp","status":"publish","type":"post","link":"https:\/\/dekkbi.com\/?p=39603","title":{"rendered":"Massacre de Thiaroye 44 : Le S\u00e9n\u00e9gal change de camp"},"content":{"rendered":"\n<p><strong>Secrets, manipulations, dissimulations, l\u2019histoire entre la France et le S\u00e9n\u00e9gal en regorge. Le massacre des tirailleurs s\u00e9n\u00e9galais du Camp de Thiaroye le 1er d\u00e9cembre 1944 en est la preuve et risque de provoquer une d\u00e9chirure entre le S\u00e9n\u00e9gal et la France. Si plusieurs recherches ont montr\u00e9 que le bilan est bien plus lourd que les 35 morts et 35 bless\u00e9s r\u00e9pertori\u00e9s officiellement, la France s\u2019accroche \u00e0 sa version. A la suite du Premier ministre Ousmane Sonko, la ministre des Affaires \u00e9trang\u00e8res, Yassine Fall, a indiqu\u00e9 que le 80e anniversaire de ce massacre, le 1er d\u00e9cembre prochain, serait l\u2019occasion pour le Peuple s\u00e9n\u00e9galais de \u00abdonner sa version de l\u2019histoire\u00bb.<br><\/strong><br>Thiaroye 44 risque de se\u00adcouer l\u2019axe Paris-Dakar. L\u2019arriv\u00e9e au pouvoir du duo Diomaye-Sonko a quelque peu boulevers\u00e9 les relations entre la France et le S\u00e9n\u00e9gal. Et la comm\u00e9moration du 80e anniversaire du massacre des tirail\u00adleurs du Camp de Thiaroye pourrait bien constituer une nouvelle source de tension. En cause, la version des autorit\u00e9s fran\u00e7aises sur ce massacre et le nombre exact de victimes. Il y a quelques jours, r\u00e9agissant \u00e0 la d\u00e9cision de la France d\u2019\u00e9lever au rang de \u00abMort pour la France\u00bb, 6 de ces tirailleurs s\u00e9n\u00e9galais, le Premier ministre Ousmane Sonko s\u2019\u00e9tait fendu d\u2019une sortie au vitriol contre les autorit\u00e9s fran\u00e7aises. \u00abPourquoi cette subite prise de conscience alors que le S\u00e9n\u00e9gal s\u2019appr\u00eate \u00e0 donner un nouveau sens \u00e0 ce douloureux souvenir, avec la c\u00e9l\u00e9bration du 80e anniversaire cette ann\u00e9e ? Je tiens \u00e0 rappeler \u00e0 la France qu\u2019elle ne pourra plus ni faire ni conter seule ce bout d\u2019histoire tragique. Ce n\u2019est pas \u00e0 elle de fixer unilat\u00e9ralement le nombre d\u2019Africains trahis et assassin\u00e9s apr\u00e8s avoir contribu\u00e9 \u00e0 la sauver, ni le type et la port\u00e9e de la reconnaissance et des r\u00e9parations qu\u2019ils m\u00e9ritent. Thiaroye 44, comme tout le reste, sera rem\u00e9mor\u00e9 autrement d\u00e9sormais\u00bb, avertissait le Premier ministre s\u00e9n\u00e9galais. Hier, c\u2019\u00e9tait au tour de la ministre des Affaires \u00e9trang\u00e8res, Yassine Fall, d\u2019enfoncer un peu plus la porte entrouverte par Ousmane Sonko.<\/p>\n\n\n\n<p>En visite en C\u00f4te d\u2019ivoire, la ministre de l\u2019Int\u00e9gration africaine et des affaires \u00e9trang\u00e8res a \u00e9voqu\u00e9 la prochaine comm\u00e9moration du 80e anniversaire du massacre de Thiaroye. \u00abLe S\u00e9n\u00e9gal va comm\u00e9morer le 80e anniversaire de l\u2019assassinat des militaires s\u00e9n\u00e9galais qui venaient de participer \u00e0 la Deuxi\u00e8me Guerre mondiale. Ce sera un \u00e9v\u00e9nement tr\u00e8s important o\u00f9 le Peuple s\u00e9n\u00e9galais va donner sa version de l\u2019histoire\u00bb, assure la cheffe de la diplomatie s\u00e9n\u00e9galaise. Une fa\u00e7on de s\u2019insurger contre la d\u00e9cision des autorit\u00e9s fran\u00e7aises de choisir un nombre si infime de victimes de ce massacre pour les c\u00e9l\u00e9brer, alors que plusieurs travaux de recherche ont montr\u00e9 que le nombre de victimes pourrait \u00eatre 100 fois sup\u00e9rieur.<\/p>\n\n\n\n<p><strong>Le combat de Biram Senghor<\/strong><\/p>\n\n\n\n<p>Le 1er d\u00e9cembre prochain, le S\u00e9n\u00e9gal entend marquer d\u2019une pierre blanche ce 80e anniversaire du massacre du Camp de Thiaroye en 1944. En France, deux jours avant la rencontre entre Emmanuel Macron et le Pr\u00e9sident Bassirou Diomaye Faye du 20 juin dernier, un document r\u00e9dig\u00e9 par l\u2019Office national des combattants et des victimes de guerre (un organisme rattach\u00e9 au minist\u00e8re fran\u00e7ais des Arm\u00e9es) accorde en toute discr\u00e9tion la mention honorifique \u00abMort pour la France\u00bb \u00e0 6 tirailleurs s\u00e9n\u00e9galais. \u00abCe geste s\u2019inscrit dans le cadre des comm\u00e9morations des 80 ans de la Lib\u00e9ration de la France comme dans la perspective du 80e anniversaire des \u00e9v\u00e8nements de Thiaroye\u00bb, indique le secr\u00e9tariat d\u2019Etat fran\u00e7ais charg\u00e9 des anciens combattants, cit\u00e9 par Rfi et qui ajoute : \u00abC\u2019est une nouvelle \u00e9tape. C\u2019\u00e9tait essentiel, il est d\u00e9sormais temps de regarder notre histoire comme elle fut.\u00bb<\/p>\n\n\n\n<p>Seulement voil\u00e0&nbsp;! Ce regard que la France souhaite jeter sur son histoire est encore em\u00adpreint de secrets, de manipulations et de dissimulations. Quatre S\u00e9n\u00e9galais, un Ivoirien et un soldat de la Haute-Volta, devenue le&nbsp;Burkina Faso,&nbsp;sont les b\u00e9n\u00e9ficiaires de cette d\u00e9cision que les autorit\u00e9s fran\u00e7aises ont prise au moment de la c\u00e9l\u00e9bration du d\u00e9barquement en Province. Parmi les S\u00e9n\u00e9galais, Mbap Senghor, le p\u00e8re de Biram Senghor. Depuis les ann\u00e9es 70, ce fils de tirailleur n\u2019a cess\u00e9 de r\u00e9clamer la v\u00e9rit\u00e9 sur les circonstances de la mort de son p\u00e8re. Dans une lettre ouverte adress\u00e9 au Pr\u00e9sident fran\u00e7ais en 2018, Biram Senghor \u00e9crivait&nbsp;: \u00ab\u00e2g\u00e9 de 80 ans et au soir de ma vie, je viens \u00e0 vous pour enfin conna\u00eetre toute la v\u00e9rit\u00e9 sur les circonstances ayant entra\u00een\u00e9 la mort tragique de mon p\u00e8re et de ses compagnons d\u2019infortune\u00bb, \u00e9crit cet enfant de tirailleur qui vit dans la banlieue de Dakar. \u00abMon p\u00e8re, M\u2019Bap Senghor, a rejoint le 6e&nbsp;Rac avec la mobilisation g\u00e9n\u00e9rale en&nbsp;1939 et faisait partie de ces hommes qui se sont battus pour lib\u00e9rer la France. Fait prisonnier par les Allemands, il passa quatre longues ann\u00e9es en captivit\u00e9, comme tant d\u2019autres de ses fr\u00e8res d\u2019armes venus des colonies et d\u2019Afrique du Nord\u00bb, \u00e9crit Biram Senghor dans sa lettre. Aujourd\u2019hui, son combat a port\u00e9 partiellement ses fruits. Son p\u00e8re est reconnu \u00abMort pour la France\u00bb. Mais rien ne dit que la v\u00e9rit\u00e9 sur sa mort soit connue.<\/p>\n\n\n\n<p><strong>Armelle Mabon\u00a0: \u00abC\u2019est un crime de masse pr\u00e9m\u00e9dit\u00e9\u00bb<\/strong><\/p>\n\n\n\n<p>Les tirailleurs du Camp de Thiaroye sont ces combattants ouest-africains faits prisonniers par les Allemands et retenus\u00a0dans les frontstalags, ces prisons allemandes r\u00e9parties dans la France occup\u00e9e. Ils seront les victimes de la trag\u00e9die de Thiaroye 1944. Et les recherches de l\u2019historienne Armelle Mabon, Ma\u00eetre de conf\u00e9rences \u00e0 l\u2019Universit\u00e9 Bretagne Sud, vont beaucoup \u00e9clairer le myst\u00e8re qui entoure ces \u00e9v\u00e8nements. Selon elle, il s\u2019agit ni plus ni moins que d\u2019un \u00abcrime coloniale, un crime de masse, pr\u00e9m\u00e9dit\u00e9\u00bb. \u00abLa version officielle, ce sont des hommes qui ont r\u00e9clam\u00e9 des sommes dont on dit qu\u2019ils avaient d\u00e9j\u00e0 per\u00e7u plus que leur d\u00fb. C\u2019est donc une mutinerie. Et la version officielle dit que les mutins ont tir\u00e9 en premier. Bilan officiel\u00a0: 35 morts et 35 bless\u00e9s, et 34 hommes condamn\u00e9s \u00e0 des peines lourdes\u00bb, informe Mme Mabon.<\/p>\n\n\n\n<p>Selon l\u2019historienne, auteure de l\u2019ouvrage \u00abPrisonniers de guerre indig\u00e8nes\u00a0: Visages oubli\u00e9s de la France occup\u00e9e\u00bb, loin des 35 morts reconnus par la France, ce sont plut\u00f4t 300 \u00e0 400 tirailleurs qui ont \u00e9t\u00e9 massacr\u00e9s ce matin du 1er d\u00e9cembre 1944 et enterr\u00e9s dans des fosses communes dont la France refuse encore de r\u00e9v\u00e9ler les emplacements. Seul espoir pour une manifestation de la v\u00e9rit\u00e9, l\u2019acc\u00e8s aux archives secr\u00e8tes de l\u2019Arm\u00e9e fran\u00e7aise qui devraient permettre d\u2019acc\u00e9der \u00e0 une cartographie des fosses communes, des documents sur le calcul des sommes spoli\u00e9es et la liste des rapatri\u00e9s. Armelle Mabon parle m\u00eame d\u2019une exhumation des corps.<\/p>\n\n\n\n<p><br><strong>Par Mame Woury THIOUBOU\u00a0<\/strong>\u2013\u00a0<strong>mamewoury@lequotidien.sn<\/strong><\/p>\n","protected":false},"excerpt":{"rendered":"<p>Secrets, manipulations, dissimulations, l\u2019histoire entre la France et le S\u00e9n\u00e9gal en regorge. Le massacre des tirailleurs s\u00e9n\u00e9galais du Camp de<\/p>\n","protected":false},"author":1,"featured_media":39604,"comment_status":"open","ping_status":"open","sticky":false,"template":"","format":"standard","meta":{"footnotes":""},"categories":[6],"tags":[],"class_list":["post-39603","post","type-post","status-publish","format-standard","has-post-thumbnail","hentry","category-politics"],"_links":{"self":[{"href":"https:\/\/dekkbi.com\/index.php?rest_route=\/wp\/v2\/posts\/39603","targetHints":{"allow":["GET"]}}],"collection":[{"href":"https:\/\/dekkbi.com\/index.php?rest_route=\/wp\/v2\/posts"}],"about":[{"href":"https:\/\/dekkbi.com\/index.php?rest_route=\/wp\/v2\/types\/post"}],"author":[{"embeddable":true,"href":"https:\/\/dekkbi.com\/index.php?rest_route=\/wp\/v2\/users\/1"}],"replies":[{"embeddable":true,"href":"https:\/\/dekkbi.com\/index.php?rest_route=%2Fwp%2Fv2%2Fcomments&post=39603"}],"version-history":[{"count":1,"href":"https:\/\/dekkbi.com\/index.php?rest_route=\/wp\/v2\/posts\/39603\/revisions"}],"predecessor-version":[{"id":39605,"href":"https:\/\/dekkbi.com\/index.php?rest_route=\/wp\/v2\/posts\/39603\/revisions\/39605"}],"wp:featuredmedia":[{"embeddable":true,"href":"https:\/\/dekkbi.com\/index.php?rest_route=\/wp\/v2\/media\/39604"}],"wp:attachment":[{"href":"https:\/\/dekkbi.com\/index.php?rest_route=%2Fwp%2Fv2%2Fmedia&parent=39603"}],"wp:term":[{"taxonomy":"category","embeddable":true,"href":"https:\/\/dekkbi.com\/index.php?rest_route=%2Fwp%2Fv2%2Fcategories&post=39603"},{"taxonomy":"post_tag","embeddable":true,"href":"https:\/\/dekkbi.com\/index.php?rest_route=%2Fwp%2Fv2%2Ftags&post=39603"}],"curies":[{"name":"wp","href":"https:\/\/api.w.org\/{rel}","templated":true}]}}