{"id":39599,"date":"2024-08-02T13:28:27","date_gmt":"2024-08-02T13:28:27","guid":{"rendered":"https:\/\/dekkbi.com\/?p=39599"},"modified":"2024-08-02T13:28:39","modified_gmt":"2024-08-02T13:28:39","slug":"paris-2024-le-cio-soutient-la-boxeuse-algerienne-imane-khelif-victime-de-cyberharcelement","status":"publish","type":"post","link":"https:\/\/dekkbi.com\/?p=39599","title":{"rendered":"Paris 2024 : le CIO soutient la boxeuse alg\u00e9rienne Imane Khelif, victime de cyberharc\u00e8lement"},"content":{"rendered":"\n<p>La boxeuse alg\u00e9rienne Imane Khelif est victime de cyberharc\u00e8lement sur sa f\u00e9minit\u00e9 depuis sa victoire express dans un combat aux Jeux olympiques. Le Comit\u00e9 international olympique (CIO) a publi\u00e9 un communiqu\u00e9 pour la d\u00e9fendre :&nbsp;<em>\u00ab\u00a0toute personne a le droit de pratiquer un sport sans discrimination\u00a0\u00bb.<\/em><\/p>\n\n\n\n<p><strong>Les horaires sont donn\u00e9s en temps universel.<\/strong><\/p>\n\n\n\n<p>15h15<\/p>\n\n\n\n<h2 class=\"wp-block-heading\">\ud83c\udfc0 Basket 3&#215;3 : les Bleus s&rsquo;inclinent face \u00e0 la Lettonie<\/h2>\n\n\n\n<p>Les basketteurs fran\u00e7ais du 3&#215;3 ont perdu face \u00e0 la Lettonie (20-22), dans le cadre de leur cinqui\u00e8me match des JO 2024, vendredi sur la place de la Concorde \u00e0 Paris. Un dernier shoot lointain \u00e0 deux points de Nauris Miezis a scell\u00e9 la victoire lettone en toute fin de rencontre.<\/p>\n\n\n\n<p>Les Fran\u00e7ais conc\u00e8dent face aux leaders du classement leur troisi\u00e8me d\u00e9faite apr\u00e8s celles contre la Serbie et les Pays-Bas, ternissant leur bonne entame de tournoi avec deux succ\u00e8s contre la Pologne et la Lituanie.<\/p>\n\n\n\n<p>D\u00e9sormais cinqui\u00e8mes du classement, ils devront se reprendre aux \u00c9tats-Unis vendredi \u00e0 18 heures 35 et enfin la Chine dimanche (17 h 30) pour esp\u00e9rer arracher leur qualification.<\/p>\n\n\n\n<p>Dans le tournoi de basket 3&#215;3, la premi\u00e8re phase se joue lors d&rsquo;une poule unique. Les deux premi\u00e8res \u00e9quipes avancent directement en demi-finales, o\u00f9 elles rencontreront les vainqueurs des barrages opposant celles class\u00e9es entre les 3\u1d49 et 6\u1d49 places.<\/p>\n\n\n\n<p>12h00<\/p>\n\n\n\n<h2 class=\"wp-block-heading\">Plongeon : d\u00e9ception fran\u00e7aise et nouveau sacre chinois au 3 m synchronis\u00e9 masculin<\/h2>\n\n\n\n<p>Pas d&rsquo;effet boule de neige pour le plongeon fran\u00e7ais: Alexis Jandard et Jules Bouyer ont pris vendredi la 5e place de la finale olympique du tremplin 3 m synchronis\u00e9, remport\u00e9e par les champions du monde chinois Long Daoyi et Wang Zongyuan \u00e0 Saint-Denis.<\/p>\n\n\n\n<p>Les Mexicains Juan Celaya et Osmar Olvera, un temps en t\u00eate du concours apr\u00e8s le 4e tour, au grand bonheur de leurs supporters venus en nombre au Centre aquatique, ont finalement d\u00e9croch\u00e9 l&rsquo;argent.<\/p>\n\n\n\n<p>Le bronze est revenu aux Britanniques Anthony Harding et Jack Laugher.<\/p>\n\n\n\n<p>C&rsquo;est une petite d\u00e9ception pour le duo fran\u00e7ais qui avait obtenu le bronze aux Mondiaux de 2023 et pouvait viser une m\u00e9daille \u00e0 domicile.<\/p>\n\n\n\n<p><em>\u00ab\u00a0On aurait pu faire mieux\u00a0\u00bb<\/em>, ont reconnu les deux Fran\u00e7ais, tout en positivant juste apr\u00e8s le concours.<\/p>\n\n\n\n<p><em>\u00ab\u00a0Il fallait qu&rsquo;on soit dans un jour &lsquo;avec&rsquo;. C&rsquo;\u00e9tait un jour&#8230; avec le public\u00a0\u00bb<\/em>, a ajout\u00e9 Jandard, 27 ans, dans un sourire.<\/p>\n\n\n\n<p>Bouyer, 22 ans, a dit avoir&nbsp;<em>\u00ab\u00a0kiff\u00e9\u00a0\u00bb<\/em>:&nbsp;<em>\u00ab\u00a0on n&rsquo;a jamais eu un public comme \u00e7a, 500 personnes dans la piscine\u00a0\u00bb<\/em>.<\/p>\n\n\n\n<p>Une m\u00e9daille aurait eu un go\u00fbt de revanche pour Jandard, apr\u00e8s sa chute remarqu\u00e9e d\u00e9but avril sur le m\u00eame plongeoir du Centre aquatique, lors de son inauguration en pr\u00e9sence du pr\u00e9sident Emmanuel Macron.<\/p>\n\n\n\n<p>La chute, coupl\u00e9e \u00e0 une bonne dose d&rsquo;autod\u00e9rision de Jandard, avait fait le tour des r\u00e9seaux sociaux et plac\u00e9 le plongeon sur le devant de la sc\u00e8ne m\u00e9diatique.<\/p>\n\n\n\n<p><em>\u00ab\u00a0C&rsquo;\u00e9tait tellement une chance unique et un beau cadeau (&#8230;) d&rsquo;avoir les projecteurs riv\u00e9s sur le plongeon que \u00e7a me tenait \u00e0 c\u0153ur pour ma discipline de faire honneur \u00e0 tout \u00e7a et de montrer qui on \u00e9tait\u00a0\u00bb<\/em>, a comment\u00e9 Jandard, qui n&rsquo;a pas \u00e9t\u00e9 g\u00ean\u00e9 par ce mauvais souvenir vendredi.<\/p>\n\n\n\n<p><em>\u00ab\u00a0Le pire, c&rsquo;\u00e9tait un mois apr\u00e8s\u00a0\u00bb,&nbsp;<\/em>d\u00e9but mai,&nbsp;<em>\u00ab\u00a0pour le test-event : lors des premiers plongeons, j&rsquo;avais les jetons, \u00e7a a \u00e9t\u00e9 compliqu\u00e9, j&rsquo;y pensais beaucoup et \u00e7a allait super bien finalement\u00a0\u00bb<\/em>, s&rsquo;est-il souvenu.<\/p>\n\n\n\n<p><em>\u00ab\u00a0Aujourd&rsquo;hui, c&rsquo;\u00e9tait encore diff\u00e9rent, dans une ambiance \u00e9lectrique\u00a0\u00bb.<\/em><\/p>\n\n\n\n<p>Depuis l&rsquo;entr\u00e9e du plongeon au programme des JO en 1904, la France n&rsquo;a d\u00e9croch\u00e9 qu&rsquo;une seule m\u00e9daille, l&rsquo;argent aux JO d&rsquo;Helsinki en 1952 gr\u00e2ce \u00e0 Mady Moreau.<\/p>\n\n\n\n<p>A des ann\u00e9es-lumi\u00e8re de la Chine, qui poursuit sa mainmise sur la discipline aux JO-2024, avec un 4e titre en autant de finales.&nbsp;<\/p>\n\n\n\n<figure class=\"wp-block-image\"><img decoding=\"async\" src=\"https:\/\/information.tv5monde.com\/sites\/tv5-info\/files\/styles\/entete\/public\/2024-08\/AP24215337107940.jpg?itok=1zuBmtCz\" alt=\"Jules Bouyer &amp; Jandard\" title=\"Jules Bouyer &amp; Jandard\"\/><\/figure>\n\n\n\n<p>Les Fran\u00e7ais Jules Bouyer et Alexis Jandard participent \u00e0 la finale du plongeon synchronis\u00e9 sur le tremplin de 3 m aux Jeux olympiques d&rsquo;\u00e9t\u00e9 de 2024. &nbsp;la finale du plongeon synchronis\u00e9 sur le tremplin masculin de 3 m aux Jeux olympiques d&rsquo;\u00e9t\u00e9 de 2024, le vendredi 2 ao\u00fbt 2024, \u00e0 Saint-Denis, en France.<\/p>\n\n\n\n<p>AP Photo\/Lee Jin-man<\/p>\n\n\n\n<p>11h50<\/p>\n\n\n\n<h2 class=\"wp-block-heading\">Tir : la Fran\u00e7aise Jedrzejewski qualifi\u00e9e en finale du pistolet \u00e0 25 m\u00e8tres<\/h2>\n\n\n\n<p>La tireuse fran\u00e7aise Camille Jedrzejewski s&rsquo;est hiss\u00e9e vendredi en finale du tir au pistolet \u00e0 25 m\u00e8tres, aux JO 2024 \u00e0 Ch\u00e2teauroux, en prenant la 7e place des qualifications.<\/p>\n\n\n\n<p>Championne d&rsquo;Europe en titre de la sp\u00e9cialit\u00e9, la tricolore a fait une bonne partie du parcours parmi les trois premi\u00e8res, r\u00e9alisant m\u00eame un tir parfait (100\/100) lors de la deuxi\u00e8me s\u00e9rie du tir de vitesse.<\/p>\n\n\n\n<p>Mais elle s&rsquo;est fait une frayeur en ratant la derni\u00e8re manche de vitesse avec 94 points seulement, pour terminer avec un total de 585, une longueur devant la premi\u00e8re non-qualifi\u00e9e, la chinoise Liang Xiaoya (9e).<\/p>\n\n\n\n<p>La meilleure prestation des qualifications a \u00e9t\u00e9 r\u00e9alis\u00e9e par la Hongroise Veronika Major avec 592 points, \u00e9galant le record olympique, devant l&rsquo;Indienne Manu Bhaker (590) et l&rsquo;Iranienne Haniyeh Rostamiyan (588).<\/p>\n\n\n\n<p>L&rsquo;autre Fran\u00e7aise engag\u00e9e dans l&rsquo;\u00e9preuve, Mathilde Lamolle, a termin\u00e9 23e avec 578 points.<\/p>\n\n\n\n<p>11h40<\/p>\n\n\n\n<h2 class=\"wp-block-heading\">Basket 3&#215;3 : les Fran\u00e7aises s&rsquo;inclinent in extremis face aux Am\u00e9ricaines<\/h2>\n\n\n\n<p>Les basketteuses fran\u00e7aises du 3&#215;3 se sont inclin\u00e9es en toute fin de rencontre face aux \u00c9tats-Unis (13-14) lors de leur cinqui\u00e8me match des JO 2024, vendredi sur la place de la Concorde \u00e0 Paris.<\/p>\n\n\n\n<p>Apr\u00e8s une \u00e9galisation arrach\u00e9e \u00e0 17 secondes du terme par Marie-Eve Paget, les Tricolores ont \u00e9t\u00e9 punies par un ultime shoot de Dearica Hamby \u00e0 4 secondes du buzzer.<\/p>\n\n\n\n<p>C&rsquo;est la quatri\u00e8me d\u00e9faite tricolore pour une victoire au cours de cette premi\u00e8re phase du tournoi olympique, qui se joue en poule unique.<\/p>\n\n\n\n<p>Les deux premi\u00e8res \u00e9quipes de la poule vont directement en demi-finales, o\u00f9 elles rencontreront les vainqueurs des barrages opposant celles class\u00e9es entre la 3e et la 6e place.<\/p>\n\n\n\n<p>Apr\u00e8s leur d\u00e9faite face aux championnes olympiques am\u00e9ricaines, les Fran\u00e7aises pointent \u00e0 la septi\u00e8me place.&nbsp;<\/p>\n\n\n\n<p>Pour esp\u00e9rer se qualifier, il leur reste \u00e0 affronter l&rsquo;Allemagne vendredi \u00e0 19h30 (TU) avant un dernier match qui les opposera aux Australiennes samedi \u00e0 16h35 (TU).<\/p>\n\n\n\n<p>9h30<\/p>\n\n\n\n<h2 class=\"wp-block-heading\">Tennis de table : F\u00e9lix Lebrun, battu en demi-finale, jouera pour le bronze du simple<\/h2>\n\n\n\n<p>F\u00e9lix Lebrun, qui porte \u00e0 17 ans les espoirs de m\u00e9daille fran\u00e7aise au tennis de table, a \u00e9t\u00e9 battu en demi-finale du simple par le Chinois Fan Zhendong (4-0), vendredi \u00e0 l&rsquo;Arena Paris Sud, o\u00f9 il tentera de se consoler avec le bronze.<\/p>\n\n\n\n<p>Le 5e joueur mondial, qui s&rsquo;est lourdement inclin\u00e9 11-8, 11-6, 11-7, 11-5, esp\u00e9rait devenir le premier Fran\u00e7ais \u00e0 atteindre la finale d&rsquo;un tournoi olympique depuis Jean-Philippe Gatien, par\u00e9 d&rsquo;argent \u00e0 Barcelone-1992. Il tentera n\u00e9anmoins de monter sur le podium dimanche, contre le Br\u00e9silien Hugo Calderano (6e) ou le Su\u00e9dois Truls Moregard (26e).<\/p>\n\n\n\n<figure class=\"wp-block-image\"><img decoding=\"async\" src=\"https:\/\/information.tv5monde.com\/sites\/tv5-info\/files\/styles\/entete\/public\/2024-08\/AP24215335561267.jpg?itok=3DsIulvi\" alt=\"Felix Lebrun\" title=\"Felix Lebrun\"\/><\/figure>\n\n\n\n<p>Le Fran\u00e7ais Felix Lebrun affronte le Chinois Fan Zhendong lors de la demi-finale du simple masculin de tennis de table aux Jeux olympiques d&rsquo;\u00e9t\u00e9 de 2024, le vendredi 2 ao\u00fbt 2024, \u00e0 Paris, en France.<\/p>\n\n\n\n<p>AP Photo\/Petros Giannakouris<\/p>\n\n\n\n<p>9h20<\/p>\n\n\n\n<h2 class=\"wp-block-heading\">Judo : Krpalek, double champion olympique, \u00e9limin\u00e9 par Saito (+100 kg)<\/h2>\n\n\n\n<p>Le Tch\u00e8que Lukas Krpalek, champion olympique en titre des poids lourds et \u00e9galement champion olympique des -100 kg \u00e0 Rio-2016, a \u00e9t\u00e9 \u00e9limin\u00e9 vendredi d\u00e8s les huiti\u00e8mes de finale par le Japonais de 22 ans Tatsuru Saito, un des favoris.&nbsp;<\/p>\n\n\n\n<p>Dans ce combat de titans de JO-2024 \u00e0 Paris, Krpalek s&rsquo;est inclin\u00e9 par ippon sur un uchi-mata (fauchage int\u00e9rieur) en seulement 1 min 31. Non t\u00eate de s\u00e9rie, il avait \u00e9cart\u00e9 facilement le N\u00e9erlandais de 25 ans Jelle Snippe au premier tour.<\/p>\n\n\n\n<p>Saito affrontera le Cubain Andy Granda en quart de finale.<\/p>\n\n\n\n<figure class=\"wp-block-image\"><img decoding=\"async\" src=\"https:\/\/information.tv5monde.com\/sites\/tv5-info\/files\/styles\/entete\/public\/2024-08\/AP24215337723914.jpg?itok=AwFJu_8m\" alt=\"Tatsuru Saito &amp; Lukas Krpalek\" title=\"Tatsuru Saito &amp; Lukas Krpalek\"\/><\/figure>\n\n\n\n<p>Le Japonais Tatsuru Saito et le Tch\u00e8que Lukas Krpalek s&rsquo;affrontent lors du match \u00e9liminatoire des +100 kg dans la comp\u00e9tition de judo par \u00e9quipe, au Champ-de-Mars Arena, pendant les Jeux Olympiques d&rsquo;\u00e9t\u00e9 de 2024, le vendredi 2 ao\u00fbt 2024, \u00e0 Paris, France.<\/p>\n\n\n\n<p>AP Photo\/Eugene Hoshiko<\/p>\n\n\n\n<p>7h40<\/p>\n\n\n\n<h2 class=\"wp-block-heading\">Journ\u00e9e importante pour les athl\u00e8tes fran\u00e7ais<\/h2>\n\n\n\n<p>Apr\u00e8s une journ\u00e9e assez calme en m\u00e9dailles pour la d\u00e9l\u00e9gation fran\u00e7aise, les athl\u00e8tes tricolores risquent de vivre un vendredi couronn\u00e9 de nombreux titres olympiques.<\/p>\n\n\n\n<p>Les chances d&rsquo;or sont \u00e9lev\u00e9es pour les judokas Teddy Riner et Romane Dicko qui entrent en lice. En natation Florent Manaudou tentera de d\u00e9crocher une m\u00e9daille olympique en finale du 50 m nage libre, comme L\u00e9on Marchand en 200 m 4 nage, ce qui lui permettrait d&rsquo;atteindre quatre sacres historiques.<\/p>\n\n\n\n<p>En escrime, l&rsquo;\u00e9quipe de France masculine d&rsquo;\u00e9p\u00e9e a \u00e9galement ses chances d&rsquo;or, tout comme en BMX o\u00f9 quatre athl\u00e8tes tricolores sont sur la ligne de d\u00e9part de leur finale : trois chez les hommes, une chez les femmes.<\/p>\n\n\n\n<p>Enfin le duo Bouyer-Jandard en plongeon 3 m synchronis\u00e9 tentera de d\u00e9crocher une m\u00e9daille, tout &nbsp;comme le duo de voile 49er FX Steyaert-Picon.<\/p>\n\n\n\n<p>Autres temps forts de la journ\u00e9e : le pongiste F\u00e9lix Lebrun jouera la premi\u00e8re demi-finale tricolore depuis 1992 en tennis de table, contre le Chinois Fan Zhendong, num\u00e9ro 2 mondial.&nbsp;<\/p>\n\n\n\n<p><\/p>\n\n\n\n<p>6h20<\/p>\n\n\n\n<h2 class=\"wp-block-heading\">Le CIO soutient la boxeuse alg\u00e9rienne Imane Khelif, victime de cyberharc\u00e8lement<\/h2>\n\n\n\n<p>La boxeuse alg\u00e9rienne Imane Khelif est victime de cyberharc\u00e8lement depuis sa victoire express dans un combat aux Jeux olympiques. Le Comit\u00e9 international olympique (CIO) a publi\u00e9 un communiqu\u00e9 pour la d\u00e9fendre :&nbsp;<em>\u00ab\u00a0toute personne a le droit de pratiquer un sport sans discrimination\u00a0\u00bb<\/em>. La Ta\u00efwanaise&nbsp;Lin Yu-ting est aussi vis\u00e9e par ces accusations.<\/p>\n\n\n\n<p>Le CIO a r\u00e9pondu aux critiques concernant le potentiel taux \u00e9lev\u00e9 de testost\u00e9rone et la f\u00e9minit\u00e9 de ces deux boxeuses. Ces athl\u00e8tes, jug\u00e9es in\u00e9ligibles lors des derniers Championnats du monde, ont re\u00e7u l&rsquo;autorisation du CIO de participer aux Jeux Olympiques.<\/p>\n\n\n\n<p><em>\u00ab\u00a0Tous les athl\u00e8tes participant au tournoi de boxe des Jeux Olympiques de Paris 2024 respectent les r\u00e8gles d&rsquo;admissibilit\u00e9 et d&rsquo;inscription \u00e0 la comp\u00e9tition, ainsi que toutes les r\u00e8gles m\u00e9dicales applicables fix\u00e9es par l&rsquo;Unit\u00e9 en charge de la boxe pour Paris 2024. Comme pour les pr\u00e9c\u00e9dentes comp\u00e9titions olympiques de boxe, le genre et l&rsquo;\u00e2ge des athl\u00e8tes sont d\u00e9termin\u00e9s sur la base de leur passeport\u00a0\u00bb,&nbsp;<\/em>explique le CIO.<\/p>\n\n\n\n<p><em>\u00ab\u00a0L&rsquo;agression actuelle contre ces deux athl\u00e8tes repose enti\u00e8rement sur cette d\u00e9cision arbitraire, qui a \u00e9t\u00e9 prise sans aucune proc\u00e9dure appropri\u00e9e, notamment si l&rsquo;on consid\u00e8re que ces athl\u00e8tes participent \u00e0 des comp\u00e9titions de haut niveau depuis de nombreuses ann\u00e9es\u00a0\u00bb<\/em>, poursuit le CIO.<\/p>\n\n\n\n<p>Le CIO fait r\u00e9f\u00e9rence \u00e0 la \u00ab\u00a0d\u00e9cision soudaine et arbitraire de l&rsquo;Association internationale de boxe (IBA). Vers la fin des championnats du monde de l\u2019IBA en 2023, elles ont \u00e9t\u00e9 soudainement disqualifi\u00e9es sans aucune proc\u00e9dure r\u00e9guli\u00e8re\u00a0\u00bb.<\/p>\n\n\n\n<p>Tweet URL<\/p>\n","protected":false},"excerpt":{"rendered":"<p>La boxeuse alg\u00e9rienne Imane Khelif est victime de cyberharc\u00e8lement sur sa f\u00e9minit\u00e9 depuis sa victoire express dans un combat aux<\/p>\n","protected":false},"author":1,"featured_media":39600,"comment_status":"open","ping_status":"open","sticky":false,"template":"","format":"standard","meta":{"footnotes":""},"categories":[9],"tags":[],"class_list":["post-39599","post","type-post","status-publish","format-standard","has-post-thumbnail","hentry","category-sports"],"_links":{"self":[{"href":"https:\/\/dekkbi.com\/index.php?rest_route=\/wp\/v2\/posts\/39599","targetHints":{"allow":["GET"]}}],"collection":[{"href":"https:\/\/dekkbi.com\/index.php?rest_route=\/wp\/v2\/posts"}],"about":[{"href":"https:\/\/dekkbi.com\/index.php?rest_route=\/wp\/v2\/types\/post"}],"author":[{"embeddable":true,"href":"https:\/\/dekkbi.com\/index.php?rest_route=\/wp\/v2\/users\/1"}],"replies":[{"embeddable":true,"href":"https:\/\/dekkbi.com\/index.php?rest_route=%2Fwp%2Fv2%2Fcomments&post=39599"}],"version-history":[{"count":1,"href":"https:\/\/dekkbi.com\/index.php?rest_route=\/wp\/v2\/posts\/39599\/revisions"}],"predecessor-version":[{"id":39601,"href":"https:\/\/dekkbi.com\/index.php?rest_route=\/wp\/v2\/posts\/39599\/revisions\/39601"}],"wp:featuredmedia":[{"embeddable":true,"href":"https:\/\/dekkbi.com\/index.php?rest_route=\/wp\/v2\/media\/39600"}],"wp:attachment":[{"href":"https:\/\/dekkbi.com\/index.php?rest_route=%2Fwp%2Fv2%2Fmedia&parent=39599"}],"wp:term":[{"taxonomy":"category","embeddable":true,"href":"https:\/\/dekkbi.com\/index.php?rest_route=%2Fwp%2Fv2%2Fcategories&post=39599"},{"taxonomy":"post_tag","embeddable":true,"href":"https:\/\/dekkbi.com\/index.php?rest_route=%2Fwp%2Fv2%2Ftags&post=39599"}],"curies":[{"name":"wp","href":"https:\/\/api.w.org\/{rel}","templated":true}]}}