{"id":39567,"date":"2024-08-02T12:41:21","date_gmt":"2024-08-02T12:41:21","guid":{"rendered":"https:\/\/dekkbi.com\/?p=39567"},"modified":"2024-08-02T12:41:31","modified_gmt":"2024-08-02T12:41:31","slug":"forum-sur-la-cooperation-numerique-sino-africaine-les-ambitions-du-ministre-aliou-sall-pour-la-transformation-numerique-au-senegal-photos","status":"publish","type":"post","link":"https:\/\/dekkbi.com\/?p=39567","title":{"rendered":"Forum sur la Coop\u00e9ration Num\u00e9rique Sino-Africaine: Les ambitions du Ministre Aliou Sall pour la transformation num\u00e9rique au S\u00e9n\u00e9gal (Photos)"},"content":{"rendered":"\n<p>Le Ministre de la Communication, des T\u00e9l\u00e9communications et du Num\u00e9rique, Alioune Sall, participe depuis le 29 Juillet 2024 \u00e0 Beijing en Chine au Forum sur la Coop\u00e9ration Num\u00e9rique Sino-Africaine.<\/p>\n\n\n\n<p>Il est \u00e0 la t\u00eate d\u2019une d\u00e9l\u00e9gation compos\u00e9e de membres de son cabinet, de la Directrice des Technologies de l\u2019Information et de la Communication, Directeur de S\u00e9n\u00e9gal Num\u00e9rique et ses \u00e9quipes, du Directeur G\u00e9n\u00e9ral de l\u2019ARTP (Autorit\u00e9 de R\u00e9gulation des T\u00e9l\u00e9communications et des Postes) et du Directeur de Synapsis et ses \u00e9quipes.<\/p>\n\n\n\n<p>\u00c0 l\u2019ouverture de cette rencontre, il a en sa qualit\u00e9 de Co-Pr\u00e9sident du Forum, prononc\u00e9 un discours apr\u00e8s monsieur JIN Zhuanglong, Ministre chinois de l\u2019Industrie et des Technologies de l\u2019Information de la R\u00e9publique populaire de Chine.<\/p>\n\n\n\n<p>Le ministre Alioune Sall a mis l\u2019accent sur l&rsquo;importance des relations d&rsquo;amiti\u00e9 sinc\u00e8res et de coop\u00e9ration pragmatique entre la Chine et les \u00c9tats africains.<\/p>\n\n\n\n<p>Profitant du Forum sur la Coop\u00e9ration Sino-africaine (FOCAC), cr\u00e9\u00e9 en octobre 2000, le ministre Alioune Sall a soulign\u00e9 l\u2019importance de cette rencontre qui est une plate-forme de coop\u00e9ration minist\u00e9rielle entre la Chine et l&rsquo;Afrique regroupant 53 \u00c9tats ainsi que la Commission de l&rsquo;Union africaine.<\/p>\n\n\n\n<p>Il a rappel\u00e9 que dans le Plan d&rsquo;Action de Dakar adopt\u00e9 en 2021, sous la co-pr\u00e9sidence s\u00e9n\u00e9galaise, 09 programmes avaient \u00e9t\u00e9 lanc\u00e9s par le Pr\u00e9sident de la R\u00e9publique Populaire de Chine, Son Excellence Monsieur XI Jinping.<\/p>\n\n\n\n<p>Cet engagement d\u00e9montre que la coop\u00e9ration sino-africaine dans le domaine de l&rsquo;\u00e9conomie num\u00e9rique est une priorit\u00e9 pour les dirigeants africains et chinois.<\/p>\n\n\n\n<p>L&rsquo;Afrique et la Chine mettent ainsi en avant l&rsquo;importance strat\u00e9gique des Technologies de l&rsquo;Information et de la Communication pour le d\u00e9veloppement \u00e9conomique et social.<\/p>\n\n\n\n<p>La Chine, partenaire cl\u00e9 dans le d\u00e9veloppement de l\u2019Afrique gr\u00e2ce \u00e0 son soutien \u00e0 l\u2019agenda 2063 et l\u2019ex\u00e9cution de 18 projets prioritaires dans l&rsquo;\u00e9conomie num\u00e9rique, a aid\u00e9 \u00e0 la r\u00e9alisation de plusieurs projets majeurs en Afrique tels que :<\/p>\n\n\n\n<p>La construction du Centre de donn\u00e9es de Diamniadio au S\u00e9n\u00e9gal<br>Le projet de ville intelligente \u00e0 Kigali, au Rwanda<br>Le satellite SDGSAT-1<br>L&rsquo;Initiative de ceinture et de route num\u00e9rique<br>La mise en place d&rsquo;incubateurs technologiques<\/p>\n\n\n\n<p>Ces r\u00e9alisations significatives dans le domaine du num\u00e9rique sont en accord avec le nouveau R\u00e9f\u00e9rentiel PROJET port\u00e9 par le Pr\u00e9sident de la R\u00e9publique, son Excellence Bassirou Diomaye Diakhar Faye, qui engage le S\u00e9n\u00e9gal dans une nouvelle \u00e8re de souverainet\u00e9.<\/p>\n\n\n\n<p>Le R\u00e9f\u00e9rentiel PROJET incarne l\u2019ambition du S\u00e9n\u00e9gal d\u2019une transformation socio-\u00e9conomique inclusive et durable.<\/p>\n\n\n\n<p>Il vise \u00e0 l\u2019horizon 2050 \u00e0 renforcer les infrastructures num\u00e9riques, d\u00e9velopper l\u2019acc\u00e8s universel \u00e0 l\u2019internet tr\u00e8s haut d\u00e9bit, implanter des industries num\u00e9riques et des centres de recherche, assurer le transfert de comp\u00e9tences, encourager l&rsquo;innovation technologique, et mettre un accent particulier sur la bonne gouvernance et la participation citoyenne pour un S\u00e9n\u00e9gal souverain, juste et prosp\u00e8re.<\/p>\n\n\n\n<p>Le ministre Alioune Sall a soulign\u00e9 que les d\u00e9fis auxquels fait face le S\u00e9n\u00e9gal sont similaires \u00e0 ceux de nombreux pays africains. Il est donc essentiel pour le S\u00e9n\u00e9gal que le prochain Plan d&rsquo;Action adopt\u00e9 lors du Sommet du FOCAC, pr\u00e9vu \u00e0 Beijing en septembre 2024, inclue un transfert de savoir-faire pour la construction de datacenters, la mise en place de cloud souverain, la fabrication d\u2019\u00e9quipements informatiques, la cr\u00e9ation de services d\u2019intelligence artificielle et de robotique, et les calculs de haute performance.<\/p>\n\n\n\n<p>L\u2019ambition du S\u00e9n\u00e9gal est de suivre la trajectoire de la Chine, qui a multipli\u00e9 par 13 son PIB par habitant en 25 ans gr\u00e2ce \u00e0 une augmentation \u00e0 42% de la part de l\u2019\u00e9conomie num\u00e9rique en 2022.<\/p>\n","protected":false},"excerpt":{"rendered":"<p>Le Ministre de la Communication, des T\u00e9l\u00e9communications et du Num\u00e9rique, Alioune Sall, participe depuis le 29 Juillet 2024 \u00e0 Beijing<\/p>\n","protected":false},"author":1,"featured_media":39568,"comment_status":"open","ping_status":"open","sticky":false,"template":"","format":"standard","meta":{"footnotes":""},"categories":[6],"tags":[],"class_list":["post-39567","post","type-post","status-publish","format-standard","has-post-thumbnail","hentry","category-politics"],"_links":{"self":[{"href":"https:\/\/dekkbi.com\/index.php?rest_route=\/wp\/v2\/posts\/39567","targetHints":{"allow":["GET"]}}],"collection":[{"href":"https:\/\/dekkbi.com\/index.php?rest_route=\/wp\/v2\/posts"}],"about":[{"href":"https:\/\/dekkbi.com\/index.php?rest_route=\/wp\/v2\/types\/post"}],"author":[{"embeddable":true,"href":"https:\/\/dekkbi.com\/index.php?rest_route=\/wp\/v2\/users\/1"}],"replies":[{"embeddable":true,"href":"https:\/\/dekkbi.com\/index.php?rest_route=%2Fwp%2Fv2%2Fcomments&post=39567"}],"version-history":[{"count":1,"href":"https:\/\/dekkbi.com\/index.php?rest_route=\/wp\/v2\/posts\/39567\/revisions"}],"predecessor-version":[{"id":39569,"href":"https:\/\/dekkbi.com\/index.php?rest_route=\/wp\/v2\/posts\/39567\/revisions\/39569"}],"wp:featuredmedia":[{"embeddable":true,"href":"https:\/\/dekkbi.com\/index.php?rest_route=\/wp\/v2\/media\/39568"}],"wp:attachment":[{"href":"https:\/\/dekkbi.com\/index.php?rest_route=%2Fwp%2Fv2%2Fmedia&parent=39567"}],"wp:term":[{"taxonomy":"category","embeddable":true,"href":"https:\/\/dekkbi.com\/index.php?rest_route=%2Fwp%2Fv2%2Fcategories&post=39567"},{"taxonomy":"post_tag","embeddable":true,"href":"https:\/\/dekkbi.com\/index.php?rest_route=%2Fwp%2Fv2%2Ftags&post=39567"}],"curies":[{"name":"wp","href":"https:\/\/api.w.org\/{rel}","templated":true}]}}